{"id":4742,"date":"2024-02-01T09:00:59","date_gmt":"2024-02-01T08:00:59","guid":{"rendered":"https:\/\/www.smomembassytoslovenia.org\/?p=4742"},"modified":"2026-07-31T13:21:37","modified_gmt":"2026-07-31T11:21:37","slug":"prime-minister-of-sao-tome-and-principe-meets-the-holy-father","status":"publish","type":"news","link":"https:\/\/sloveniaembassy.orderofmalta.int\/en\/news\/prime-minister-of-sao-tome-and-principe-meets-the-holy-father\/","title":{"rendered":"Audience of the Holy Father with the Prime Minister of S\u00e3o Tom\u00e9 and Pr\u00edncipe"},"featured_media":0,"menu_order":0,"template":"","class_list":["post-4742","news","type-news","status-publish","hentry"],"acf":{"hidden_news":"no","evidence":"yes","focus_on":"no","breaking":"yes","news_cover":{"id":7567,"url":"https:\/\/sloveniaembassy.orderofmalta.int\/wp-content\/uploads\/sites\/10\/2024\/02\/01076_01022024.jpg"},"cover_image_copyrighted":false,"news_gallery":"yes","news_gallery_elements":[{"id":7565,"url":"https:\/\/sloveniaembassy.orderofmalta.int\/wp-content\/uploads\/sites\/10\/2024\/02\/01065_01022024-scaled-1.jpg"},{"id":7567,"url":"https:\/\/sloveniaembassy.orderofmalta.int\/wp-content\/uploads\/sites\/10\/2024\/02\/01076_01022024.jpg"},{"id":7569,"url":"https:\/\/sloveniaembassy.orderofmalta.int\/wp-content\/uploads\/sites\/10\/2024\/02\/01108_01022024.jpg"},{"id":7571,"url":"https:\/\/sloveniaembassy.orderofmalta.int\/wp-content\/uploads\/sites\/10\/2024\/02\/01214_01022024.jpg"},{"id":7573,"url":"https:\/\/sloveniaembassy.orderofmalta.int\/wp-content\/uploads\/sites\/10\/2024\/02\/01246_01022024.jpg"}],"news_excerpt":"The Holy Father Receives the Prime Minister of S\u00e3o Tom\u00e9 and Pr\u00edncipe in an Official Audience"},"news_categories":[],"_links":{"self":[{"href":"https:\/\/sloveniaembassy.orderofmalta.int\/en\/wp-json\/wp\/v2\/notizie\/4742","targetHints":{"allow":["GET"]}}],"collection":[{"href":"https:\/\/sloveniaembassy.orderofmalta.int\/en\/wp-json\/wp\/v2\/notizie"}],"about":[{"href":"https:\/\/sloveniaembassy.orderofmalta.int\/en\/wp-json\/wp\/v2\/types\/news"}],"version-history":[{"count":1,"href":"https:\/\/sloveniaembassy.orderofmalta.int\/en\/wp-json\/wp\/v2\/notizie\/4742\/revisions"}],"predecessor-version":[{"id":7575,"href":"https:\/\/sloveniaembassy.orderofmalta.int\/en\/wp-json\/wp\/v2\/notizie\/4742\/revisions\/7575"}],"wp:attachment":[{"href":"https:\/\/sloveniaembassy.orderofmalta.int\/en\/wp-json\/wp\/v2\/media?parent=4742"}],"curies":[{"name":"wp","href":"https:\/\/api.w.org\/{rel}","templated":true}]}}