{"id":7051,"date":"2025-06-27T11:30:10","date_gmt":"2025-06-27T09:30:10","guid":{"rendered":"https:\/\/sloveniaembassy.orderofmalta.int\/?post_type=news&#038;p=7051"},"modified":"2026-07-24T17:44:49","modified_gmt":"2026-07-24T15:44:49","slug":"srecanje-s-svicarskimi-donatorji-na-brdu","status":"publish","type":"news","link":"https:\/\/sloveniaembassy.orderofmalta.int\/sl\/novice\/srecanje-s-svicarskimi-donatorji-na-brdu\/","title":{"rendered":"Veleposlani\u0161tvo organizira sre\u010danje predsednika republike s potencialnimi \u0161vicarskimi donatorji za humanitarno pomo\u010d na gradu Brdo"},"featured_media":0,"menu_order":0,"template":"","class_list":["post-7051","news","type-news","status-publish","hentry"],"acf":{"hidden_news":"no","evidence":"yes","focus_on":"no","breaking":"yes","news_cover":{"id":6961,"url":"https:\/\/sloveniaembassy.orderofmalta.int\/wp-content\/uploads\/sites\/10\/2025\/06\/02003_03102025.jpg"},"news_gallery":"yes","news_gallery_elements":[{"id":6961,"url":"https:\/\/sloveniaembassy.orderofmalta.int\/wp-content\/uploads\/sites\/10\/2025\/06\/02003_03102025.jpg"},{"id":6963,"url":"https:\/\/sloveniaembassy.orderofmalta.int\/wp-content\/uploads\/sites\/10\/2025\/06\/02005_03102025.jpg"},{"id":6965,"url":"https:\/\/sloveniaembassy.orderofmalta.int\/wp-content\/uploads\/sites\/10\/2025\/06\/02034_03102025.jpg"},{"id":6967,"url":"https:\/\/sloveniaembassy.orderofmalta.int\/wp-content\/uploads\/sites\/10\/2025\/06\/02036_03102025.jpg"},{"id":6969,"url":"https:\/\/sloveniaembassy.orderofmalta.int\/wp-content\/uploads\/sites\/10\/2025\/06\/02039_03102025.jpg"},{"id":6971,"url":"https:\/\/sloveniaembassy.orderofmalta.int\/wp-content\/uploads\/sites\/10\/2025\/06\/02141_03102025.jpg"},{"id":6973,"url":"https:\/\/sloveniaembassy.orderofmalta.int\/wp-content\/uploads\/sites\/10\/2025\/06\/02235_03102025.jpg"}],"news_excerpt":"Veleposlani\u0161tvo gosti sre\u010danje predsednika republike s \u0161vicarskimi donatorji za humanitarno pomo\u010d na gradu Brdo","cover_image_copyrighted":false},"news_categories":[],"_links":{"self":[{"href":"https:\/\/sloveniaembassy.orderofmalta.int\/sl\/wp-json\/wp\/v2\/notizie\/7051","targetHints":{"allow":["GET"]}}],"collection":[{"href":"https:\/\/sloveniaembassy.orderofmalta.int\/sl\/wp-json\/wp\/v2\/notizie"}],"about":[{"href":"https:\/\/sloveniaembassy.orderofmalta.int\/sl\/wp-json\/wp\/v2\/types\/news"}],"version-history":[{"count":1,"href":"https:\/\/sloveniaembassy.orderofmalta.int\/sl\/wp-json\/wp\/v2\/notizie\/7051\/revisions"}],"predecessor-version":[{"id":7052,"href":"https:\/\/sloveniaembassy.orderofmalta.int\/sl\/wp-json\/wp\/v2\/notizie\/7051\/revisions\/7052"}],"wp:attachment":[{"href":"https:\/\/sloveniaembassy.orderofmalta.int\/sl\/wp-json\/wp\/v2\/media?parent=7051"}],"curies":[{"name":"wp","href":"https:\/\/api.w.org\/{rel}","templated":true}]}}