{"id":7061,"date":"2025-05-18T10:00:38","date_gmt":"2025-05-18T08:00:38","guid":{"rendered":"https:\/\/sloveniaembassy.orderofmalta.int\/?post_type=news&#038;p=7061"},"modified":"2026-07-24T18:05:44","modified_gmt":"2026-07-24T16:05:44","slug":"inavguracijska-masa-papeza-leona-xiv","status":"publish","type":"news","link":"https:\/\/sloveniaembassy.orderofmalta.int\/sl\/novice\/inavguracijska-masa-papeza-leona-xiv\/","title":{"rendered":"Inavguracijska ma\u0161a pape\u017ea Leona XIV. ob za\u010detku njegove petrinske slu\u017ebe"},"featured_media":0,"menu_order":0,"template":"","class_list":["post-7061","news","type-news","status-publish","hentry"],"acf":{"hidden_news":"no","evidence":"yes","focus_on":"no","breaking":"yes","news_cover":{"id":7030,"url":"https:\/\/sloveniaembassy.orderofmalta.int\/wp-content\/uploads\/sites\/10\/2025\/05\/b0c7c9b8-db2b-4125-9d32-7e2f031f1a1b-1.jpg"},"news_gallery":"yes","news_gallery_elements":[{"id":7028,"url":"https:\/\/sloveniaembassy.orderofmalta.int\/wp-content\/uploads\/sites\/10\/2025\/05\/87962cfe-6af0-43b6-b413-c381eeb63e32-1.jpg"},{"id":7030,"url":"https:\/\/sloveniaembassy.orderofmalta.int\/wp-content\/uploads\/sites\/10\/2025\/05\/b0c7c9b8-db2b-4125-9d32-7e2f031f1a1b-1.jpg"},{"id":7032,"url":"https:\/\/sloveniaembassy.orderofmalta.int\/wp-content\/uploads\/sites\/10\/2025\/05\/IMG_0591-scaled-2.jpeg"},{"id":7034,"url":"https:\/\/sloveniaembassy.orderofmalta.int\/wp-content\/uploads\/sites\/10\/2025\/05\/IMG_0593-scaled-2.jpeg"}],"news_excerpt":"Inavguracijska ma\u0161a pape\u017ea Leona XIV","cover_image_copyrighted":false},"news_categories":[],"_links":{"self":[{"href":"https:\/\/sloveniaembassy.orderofmalta.int\/sl\/wp-json\/wp\/v2\/notizie\/7061","targetHints":{"allow":["GET"]}}],"collection":[{"href":"https:\/\/sloveniaembassy.orderofmalta.int\/sl\/wp-json\/wp\/v2\/notizie"}],"about":[{"href":"https:\/\/sloveniaembassy.orderofmalta.int\/sl\/wp-json\/wp\/v2\/types\/news"}],"version-history":[{"count":1,"href":"https:\/\/sloveniaembassy.orderofmalta.int\/sl\/wp-json\/wp\/v2\/notizie\/7061\/revisions"}],"predecessor-version":[{"id":7062,"href":"https:\/\/sloveniaembassy.orderofmalta.int\/sl\/wp-json\/wp\/v2\/notizie\/7061\/revisions\/7062"}],"wp:attachment":[{"href":"https:\/\/sloveniaembassy.orderofmalta.int\/sl\/wp-json\/wp\/v2\/media?parent=7061"}],"curies":[{"name":"wp","href":"https:\/\/api.w.org\/{rel}","templated":true}]}}