{"id":7211,"date":"2025-04-26T10:00:50","date_gmt":"2025-04-26T08:00:50","guid":{"rendered":"https:\/\/sloveniaembassy.orderofmalta.int\/?post_type=news&#038;p=7211"},"modified":"2026-07-24T19:17:11","modified_gmt":"2026-07-24T17:17:11","slug":"pogreb-papeza-franciska","status":"publish","type":"news","link":"https:\/\/sloveniaembassy.orderofmalta.int\/sl\/novice\/pogreb-papeza-franciska\/","title":{"rendered":"POGREB PAPE\u017dA FRAN\u010cI\u0160KA"},"featured_media":0,"menu_order":0,"template":"","class_list":["post-7211","news","type-news","status-publish","hentry"],"acf":{"hidden_news":"no","evidence":"yes","focus_on":"no","breaking":"yes","news_cover":{"id":7092,"url":"https:\/\/sloveniaembassy.orderofmalta.int\/wp-content\/uploads\/sites\/10\/2025\/04\/34ec857e-79cb-4553-94c8-6daed23093d1-1.jpg"},"news_gallery":"yes","news_gallery_elements":[{"id":7092,"url":"https:\/\/sloveniaembassy.orderofmalta.int\/wp-content\/uploads\/sites\/10\/2025\/04\/34ec857e-79cb-4553-94c8-6daed23093d1-1.jpg"},{"id":7094,"url":"https:\/\/sloveniaembassy.orderofmalta.int\/wp-content\/uploads\/sites\/10\/2025\/04\/65c4b648-4dce-4c5e-b5a5-341ccb432c7b-1.jpg"},{"id":7096,"url":"https:\/\/sloveniaembassy.orderofmalta.int\/wp-content\/uploads\/sites\/10\/2025\/04\/81e5d915-3c55-4ee1-b7ea-c0366efdd1c9-1.jpg"},{"id":7098,"url":"https:\/\/sloveniaembassy.orderofmalta.int\/wp-content\/uploads\/sites\/10\/2025\/04\/749fd5b9-431a-429a-8fb2-8c523c9b48a4-1.jpg"},{"id":7100,"url":"https:\/\/sloveniaembassy.orderofmalta.int\/wp-content\/uploads\/sites\/10\/2025\/04\/c2c7c724-c4ef-4201-994e-6b2b8da0a9c6-1.jpg"},{"id":7102,"url":"https:\/\/sloveniaembassy.orderofmalta.int\/wp-content\/uploads\/sites\/10\/2025\/04\/IMG_0280-1.jpeg"},{"id":7104,"url":"https:\/\/sloveniaembassy.orderofmalta.int\/wp-content\/uploads\/sites\/10\/2025\/04\/IMG_0283-1.jpeg"},{"id":7106,"url":"https:\/\/sloveniaembassy.orderofmalta.int\/wp-content\/uploads\/sites\/10\/2025\/04\/IMG_0441-1.jpeg"},{"id":7108,"url":"https:\/\/sloveniaembassy.orderofmalta.int\/wp-content\/uploads\/sites\/10\/2025\/04\/IMG_0442-1.jpeg"},{"id":7110,"url":"https:\/\/sloveniaembassy.orderofmalta.int\/wp-content\/uploads\/sites\/10\/2025\/04\/IMG_0443-1.jpeg"}],"news_excerpt":"Pogreb pape\u017ea Fran\u010di\u0161ka","cover_image_copyrighted":false},"news_categories":[],"_links":{"self":[{"href":"https:\/\/sloveniaembassy.orderofmalta.int\/sl\/wp-json\/wp\/v2\/notizie\/7211","targetHints":{"allow":["GET"]}}],"collection":[{"href":"https:\/\/sloveniaembassy.orderofmalta.int\/sl\/wp-json\/wp\/v2\/notizie"}],"about":[{"href":"https:\/\/sloveniaembassy.orderofmalta.int\/sl\/wp-json\/wp\/v2\/types\/news"}],"version-history":[{"count":1,"href":"https:\/\/sloveniaembassy.orderofmalta.int\/sl\/wp-json\/wp\/v2\/notizie\/7211\/revisions"}],"predecessor-version":[{"id":7212,"href":"https:\/\/sloveniaembassy.orderofmalta.int\/sl\/wp-json\/wp\/v2\/notizie\/7211\/revisions\/7212"}],"wp:attachment":[{"href":"https:\/\/sloveniaembassy.orderofmalta.int\/sl\/wp-json\/wp\/v2\/media?parent=7211"}],"curies":[{"name":"wp","href":"https:\/\/api.w.org\/{rel}","templated":true}]}}