{"id":7222,"date":"2025-02-24T21:00:03","date_gmt":"2025-02-24T19:00:03","guid":{"rendered":"https:\/\/sloveniaembassy.orderofmalta.int\/?post_type=news&#038;p=7222"},"modified":"2026-07-24T19:31:04","modified_gmt":"2026-07-24T17:31:04","slug":"rozni-venec-za-papeza-franciska","status":"publish","type":"news","link":"https:\/\/sloveniaembassy.orderofmalta.int\/sl\/novice\/rozni-venec-za-papeza-franciska\/","title":{"rendered":"Veleposlanik in njegova \u017eena pri molitvi ro\u017enega venca za zdravje pape\u017ea Fran\u010di\u0161ka na Trgu svetega Petra"},"featured_media":0,"menu_order":0,"template":"","class_list":["post-7222","news","type-news","status-publish","hentry"],"acf":{"hidden_news":"no","evidence":"yes","focus_on":"no","breaking":"yes","news_cover":{"id":7146,"url":"https:\/\/sloveniaembassy.orderofmalta.int\/wp-content\/uploads\/sites\/10\/2025\/02\/IMG_0032-scaled-1.jpeg"},"news_gallery":"yes","news_gallery_elements":[{"id":7144,"url":"https:\/\/sloveniaembassy.orderofmalta.int\/wp-content\/uploads\/sites\/10\/2025\/02\/64f6fc73-4260-4e4e-98df-7b7f74357e99.jpg"},{"id":7146,"url":"https:\/\/sloveniaembassy.orderofmalta.int\/wp-content\/uploads\/sites\/10\/2025\/02\/IMG_0032-scaled-1.jpeg"},{"id":7148,"url":"https:\/\/sloveniaembassy.orderofmalta.int\/wp-content\/uploads\/sites\/10\/2025\/02\/IMG_0034-scaled-1.jpeg"}],"news_excerpt":"Veleposlanik in njegova \u017eena se udele\u017eita molitve ro\u017enega venca za pape\u017ea Fran\u010di\u0161ka","cover_image_copyrighted":false},"news_categories":[],"_links":{"self":[{"href":"https:\/\/sloveniaembassy.orderofmalta.int\/sl\/wp-json\/wp\/v2\/notizie\/7222","targetHints":{"allow":["GET"]}}],"collection":[{"href":"https:\/\/sloveniaembassy.orderofmalta.int\/sl\/wp-json\/wp\/v2\/notizie"}],"about":[{"href":"https:\/\/sloveniaembassy.orderofmalta.int\/sl\/wp-json\/wp\/v2\/types\/news"}],"version-history":[{"count":1,"href":"https:\/\/sloveniaembassy.orderofmalta.int\/sl\/wp-json\/wp\/v2\/notizie\/7222\/revisions"}],"predecessor-version":[{"id":7223,"href":"https:\/\/sloveniaembassy.orderofmalta.int\/sl\/wp-json\/wp\/v2\/notizie\/7222\/revisions\/7223"}],"wp:attachment":[{"href":"https:\/\/sloveniaembassy.orderofmalta.int\/sl\/wp-json\/wp\/v2\/media?parent=7222"}],"curies":[{"name":"wp","href":"https:\/\/api.w.org\/{rel}","templated":true}]}}