{"id":7230,"date":"2025-01-09T10:30:46","date_gmt":"2025-01-09T08:30:46","guid":{"rendered":"https:\/\/sloveniaembassy.orderofmalta.int\/?post_type=news&#038;p=7230"},"modified":"2026-07-24T19:40:58","modified_gmt":"2026-07-24T17:40:58","slug":"papezevo-novoletno-voscilo-diplomatskemu-zboru-2025","status":"publish","type":"news","link":"https:\/\/sloveniaembassy.orderofmalta.int\/sl\/novice\/papezevo-novoletno-voscilo-diplomatskemu-zboru-2025\/","title":{"rendered":"NOVOLETNO VO\u0160\u010cILO SVETEGA O\u010cETA DIPLOMATSKEMU ZBORU 2025"},"featured_media":0,"menu_order":0,"template":"","class_list":["post-7230","news","type-news","status-publish","hentry"],"acf":{"hidden_news":"no","evidence":"yes","focus_on":"no","breaking":"yes","news_cover":{"id":7184,"url":"https:\/\/sloveniaembassy.orderofmalta.int\/wp-content\/uploads\/sites\/10\/2025\/01\/05470_09012025.jpg"},"news_gallery":"yes","news_gallery_elements":[{"id":7182,"url":"https:\/\/sloveniaembassy.orderofmalta.int\/wp-content\/uploads\/sites\/10\/2025\/01\/7af0814e-5eb9-4e14-83c6-5192a381070e.jpg"},{"id":7184,"url":"https:\/\/sloveniaembassy.orderofmalta.int\/wp-content\/uploads\/sites\/10\/2025\/01\/05470_09012025.jpg"},{"id":7186,"url":"https:\/\/sloveniaembassy.orderofmalta.int\/wp-content\/uploads\/sites\/10\/2025\/01\/05519_09012025.jpg"},{"id":7188,"url":"https:\/\/sloveniaembassy.orderofmalta.int\/wp-content\/uploads\/sites\/10\/2025\/01\/IMG_5496-scaled-1.jpeg"}],"news_excerpt":"Pape\u017eevo novoletno vo\u0161\u010dilo diplomatskemu zboru 2025","cover_image_copyrighted":false},"news_categories":[],"_links":{"self":[{"href":"https:\/\/sloveniaembassy.orderofmalta.int\/sl\/wp-json\/wp\/v2\/notizie\/7230","targetHints":{"allow":["GET"]}}],"collection":[{"href":"https:\/\/sloveniaembassy.orderofmalta.int\/sl\/wp-json\/wp\/v2\/notizie"}],"about":[{"href":"https:\/\/sloveniaembassy.orderofmalta.int\/sl\/wp-json\/wp\/v2\/types\/news"}],"version-history":[{"count":1,"href":"https:\/\/sloveniaembassy.orderofmalta.int\/sl\/wp-json\/wp\/v2\/notizie\/7230\/revisions"}],"predecessor-version":[{"id":7231,"href":"https:\/\/sloveniaembassy.orderofmalta.int\/sl\/wp-json\/wp\/v2\/notizie\/7230\/revisions\/7231"}],"wp:attachment":[{"href":"https:\/\/sloveniaembassy.orderofmalta.int\/sl\/wp-json\/wp\/v2\/media?parent=7230"}],"curies":[{"name":"wp","href":"https:\/\/api.w.org\/{rel}","templated":true}]}}