{"id":7300,"date":"2024-06-27T09:00:45","date_gmt":"2024-06-27T07:00:45","guid":{"rendered":"https:\/\/sloveniaembassy.orderofmalta.int\/?post_type=news&#038;p=7300"},"modified":"2026-07-31T12:28:16","modified_gmt":"2026-07-31T10:28:16","slug":"veliki-mojster-se-sreca-s-papezem-franciskom","status":"publish","type":"news","link":"https:\/\/sloveniaembassy.orderofmalta.int\/sl\/novice\/veliki-mojster-se-sreca-s-papezem-franciskom\/","title":{"rendered":"Njegova najvi\u0161ja eminenca, knez in veliki mojster, na uradni avdienci pri njegovi svetosti pape\u017eu Fran\u010di\u0161ku"},"featured_media":0,"menu_order":0,"template":"","class_list":["post-7300","news","type-news","status-publish","hentry"],"acf":{"hidden_news":"no","evidence":"yes","focus_on":"no","breaking":"yes","news_cover":{"id":7298,"url":"https:\/\/sloveniaembassy.orderofmalta.int\/wp-content\/uploads\/sites\/10\/2024\/06\/9928eb52-4389-4be7-95b4-edc9442abc04.jpg"},"news_gallery":"yes","news_gallery_elements":[{"id":7292,"url":"https:\/\/sloveniaembassy.orderofmalta.int\/wp-content\/uploads\/sites\/10\/2024\/06\/0a9aa02d-7627-4f64-90e0-67559b30f8ac.jpg"},{"id":7294,"url":"https:\/\/sloveniaembassy.orderofmalta.int\/wp-content\/uploads\/sites\/10\/2024\/06\/28dde3a9-7612-4573-a5e0-583286c0fdf4.jpg"},{"id":7296,"url":"https:\/\/sloveniaembassy.orderofmalta.int\/wp-content\/uploads\/sites\/10\/2024\/06\/506be2c2-b910-42fc-9ea6-9a8c8831b049.jpg"},{"id":7298,"url":"https:\/\/sloveniaembassy.orderofmalta.int\/wp-content\/uploads\/sites\/10\/2024\/06\/9928eb52-4389-4be7-95b4-edc9442abc04.jpg"}],"news_excerpt":"Njegovo najvi\u0161jo eminenco, kneza in velikega mojstra, sprejme njegova svetost pape\u017e Fran\u010di\u0161ek na uradni avdienci","cover_image_copyrighted":false},"news_categories":[],"_links":{"self":[{"href":"https:\/\/sloveniaembassy.orderofmalta.int\/sl\/wp-json\/wp\/v2\/notizie\/7300","targetHints":{"allow":["GET"]}}],"collection":[{"href":"https:\/\/sloveniaembassy.orderofmalta.int\/sl\/wp-json\/wp\/v2\/notizie"}],"about":[{"href":"https:\/\/sloveniaembassy.orderofmalta.int\/sl\/wp-json\/wp\/v2\/types\/news"}],"version-history":[{"count":1,"href":"https:\/\/sloveniaembassy.orderofmalta.int\/sl\/wp-json\/wp\/v2\/notizie\/7300\/revisions"}],"predecessor-version":[{"id":7301,"href":"https:\/\/sloveniaembassy.orderofmalta.int\/sl\/wp-json\/wp\/v2\/notizie\/7300\/revisions\/7301"}],"wp:attachment":[{"href":"https:\/\/sloveniaembassy.orderofmalta.int\/sl\/wp-json\/wp\/v2\/media?parent=7300"}],"curies":[{"name":"wp","href":"https:\/\/api.w.org\/{rel}","templated":true}]}}