{"id":7430,"date":"2024-05-02T11:30:32","date_gmt":"2024-05-02T09:30:32","guid":{"rendered":"https:\/\/sloveniaembassy.orderofmalta.int\/?post_type=news&#038;p=7430"},"modified":"2026-07-31T12:47:05","modified_gmt":"2026-07-31T10:47:05","slug":"papez-francisek-sprejme-jordanskega-kralja","status":"publish","type":"news","link":"https:\/\/sloveniaembassy.orderofmalta.int\/sl\/novice\/papez-francisek-sprejme-jordanskega-kralja\/","title":{"rendered":"Pape\u017e Fran\u010di\u0161ek sprejme jordanskega kralja"},"featured_media":0,"menu_order":0,"template":"","class_list":["post-7430","news","type-news","status-publish","hentry"],"acf":{"hidden_news":"no","evidence":"yes","focus_on":"no","breaking":"yes","news_cover":{"id":7428,"url":"https:\/\/sloveniaembassy.orderofmalta.int\/wp-content\/uploads\/sites\/10\/2024\/05\/IMG_0030.jpeg"},"news_gallery":"yes","news_gallery_elements":[{"id":7420,"url":"https:\/\/sloveniaembassy.orderofmalta.int\/wp-content\/uploads\/sites\/10\/2024\/05\/04078_02052024.jpg"},{"id":7422,"url":"https:\/\/sloveniaembassy.orderofmalta.int\/wp-content\/uploads\/sites\/10\/2024\/05\/04103_02052024.jpg"},{"id":7424,"url":"https:\/\/sloveniaembassy.orderofmalta.int\/wp-content\/uploads\/sites\/10\/2024\/05\/04254_02052024.jpg"},{"id":7426,"url":"https:\/\/sloveniaembassy.orderofmalta.int\/wp-content\/uploads\/sites\/10\/2024\/05\/04257_02052024.jpg"},{"id":7428,"url":"https:\/\/sloveniaembassy.orderofmalta.int\/wp-content\/uploads\/sites\/10\/2024\/05\/IMG_0030.jpeg"}],"news_excerpt":"Njegova svetost pape\u017e Fran\u010di\u0161ek sprejme jordanskega kralja na uradni avdienci","cover_image_copyrighted":false},"news_categories":[],"_links":{"self":[{"href":"https:\/\/sloveniaembassy.orderofmalta.int\/sl\/wp-json\/wp\/v2\/notizie\/7430","targetHints":{"allow":["GET"]}}],"collection":[{"href":"https:\/\/sloveniaembassy.orderofmalta.int\/sl\/wp-json\/wp\/v2\/notizie"}],"about":[{"href":"https:\/\/sloveniaembassy.orderofmalta.int\/sl\/wp-json\/wp\/v2\/types\/news"}],"version-history":[{"count":1,"href":"https:\/\/sloveniaembassy.orderofmalta.int\/sl\/wp-json\/wp\/v2\/notizie\/7430\/revisions"}],"predecessor-version":[{"id":7431,"href":"https:\/\/sloveniaembassy.orderofmalta.int\/sl\/wp-json\/wp\/v2\/notizie\/7430\/revisions\/7431"}],"wp:attachment":[{"href":"https:\/\/sloveniaembassy.orderofmalta.int\/sl\/wp-json\/wp\/v2\/media?parent=7430"}],"curies":[{"name":"wp","href":"https:\/\/api.w.org\/{rel}","templated":true}]}}