{"id":7576,"date":"2024-02-01T09:00:59","date_gmt":"2024-02-01T07:00:59","guid":{"rendered":"https:\/\/sloveniaembassy.orderofmalta.int\/?post_type=news&#038;p=7576"},"modified":"2026-07-31T13:23:02","modified_gmt":"2026-07-31T11:23:02","slug":"predsednik-vlade-sao-tomeja-in-principa-se-sreca-s-svetim-ocetom","status":"publish","type":"news","link":"https:\/\/sloveniaembassy.orderofmalta.int\/sl\/novice\/predsednik-vlade-sao-tomeja-in-principa-se-sreca-s-svetim-ocetom\/","title":{"rendered":"Avdienca svetega o\u010deta s predsednikom vlade S\u00e3o Tom\u00e9ja in Pr\u00edncipa"},"featured_media":0,"menu_order":0,"template":"","class_list":["post-7576","news","type-news","status-publish","hentry"],"acf":{"hidden_news":"no","evidence":"yes","focus_on":"no","breaking":"yes","news_cover":{"id":7568,"url":"https:\/\/sloveniaembassy.orderofmalta.int\/wp-content\/uploads\/sites\/10\/2024\/02\/01076_01022024.jpg"},"news_gallery":"yes","news_gallery_elements":[{"id":7566,"url":"https:\/\/sloveniaembassy.orderofmalta.int\/wp-content\/uploads\/sites\/10\/2024\/02\/01065_01022024-scaled-1.jpg"},{"id":7568,"url":"https:\/\/sloveniaembassy.orderofmalta.int\/wp-content\/uploads\/sites\/10\/2024\/02\/01076_01022024.jpg"},{"id":7570,"url":"https:\/\/sloveniaembassy.orderofmalta.int\/wp-content\/uploads\/sites\/10\/2024\/02\/01108_01022024.jpg"},{"id":7572,"url":"https:\/\/sloveniaembassy.orderofmalta.int\/wp-content\/uploads\/sites\/10\/2024\/02\/01214_01022024.jpg"},{"id":7574,"url":"https:\/\/sloveniaembassy.orderofmalta.int\/wp-content\/uploads\/sites\/10\/2024\/02\/01246_01022024.jpg"}],"news_excerpt":"Sveti o\u010de sprejme predsednika vlade S\u00e3o Tom\u00e9ja in Pr\u00edncipa na uradni avdienci","cover_image_copyrighted":false},"news_categories":[],"_links":{"self":[{"href":"https:\/\/sloveniaembassy.orderofmalta.int\/sl\/wp-json\/wp\/v2\/notizie\/7576","targetHints":{"allow":["GET"]}}],"collection":[{"href":"https:\/\/sloveniaembassy.orderofmalta.int\/sl\/wp-json\/wp\/v2\/notizie"}],"about":[{"href":"https:\/\/sloveniaembassy.orderofmalta.int\/sl\/wp-json\/wp\/v2\/types\/news"}],"version-history":[{"count":1,"href":"https:\/\/sloveniaembassy.orderofmalta.int\/sl\/wp-json\/wp\/v2\/notizie\/7576\/revisions"}],"predecessor-version":[{"id":7577,"href":"https:\/\/sloveniaembassy.orderofmalta.int\/sl\/wp-json\/wp\/v2\/notizie\/7576\/revisions\/7577"}],"wp:attachment":[{"href":"https:\/\/sloveniaembassy.orderofmalta.int\/sl\/wp-json\/wp\/v2\/media?parent=7576"}],"curies":[{"name":"wp","href":"https:\/\/api.w.org\/{rel}","templated":true}]}}