{"id":7589,"date":"2024-01-27T09:30:52","date_gmt":"2024-01-27T07:30:52","guid":{"rendered":"https:\/\/sloveniaembassy.orderofmalta.int\/?post_type=news&#038;p=7589"},"modified":"2026-07-31T13:29:13","modified_gmt":"2026-07-31T11:29:13","slug":"veleposlaniki-malteskega-reda-se-srecajo-s-svetim-ocetom","status":"publish","type":"news","link":"https:\/\/sloveniaembassy.orderofmalta.int\/sl\/novice\/veleposlaniki-malteskega-reda-se-srecajo-s-svetim-ocetom\/","title":{"rendered":"Avdienca svetega o\u010deta z veleposlaniki Suverenega malte\u0161kega vite\u0161kega reda"},"featured_media":0,"menu_order":0,"template":"","class_list":["post-7589","news","type-news","status-publish","hentry"],"acf":{"hidden_news":"no","evidence":"yes","focus_on":"no","breaking":"yes","news_cover":{"id":7585,"url":"https:\/\/sloveniaembassy.orderofmalta.int\/wp-content\/uploads\/sites\/10\/2024\/01\/Schermata-2024-02-01-alle-14.14.47.png"},"news_gallery":"yes","news_gallery_elements":[{"id":7579,"url":"https:\/\/sloveniaembassy.orderofmalta.int\/wp-content\/uploads\/sites\/10\/2024\/01\/56eb9363-af95-4e7d-bf79-784063f66fa0.jpg"},{"id":7581,"url":"https:\/\/sloveniaembassy.orderofmalta.int\/wp-content\/uploads\/sites\/10\/2024\/01\/01332_27012024.jpg"},{"id":7583,"url":"https:\/\/sloveniaembassy.orderofmalta.int\/wp-content\/uploads\/sites\/10\/2024\/01\/01348_27012024.jpg"},{"id":7585,"url":"https:\/\/sloveniaembassy.orderofmalta.int\/wp-content\/uploads\/sites\/10\/2024\/01\/Schermata-2024-02-01-alle-14.14.47.png"},{"id":7587,"url":"https:\/\/sloveniaembassy.orderofmalta.int\/wp-content\/uploads\/sites\/10\/2024\/01\/Schermata-2024-02-01-alle-14.15.16.png"}],"news_excerpt":"Sveti o\u010de sprejme veleposlanike Suverenega malte\u0161kega vite\u0161kega reda na uradni avdienci","cover_image_copyrighted":false},"news_categories":[],"_links":{"self":[{"href":"https:\/\/sloveniaembassy.orderofmalta.int\/sl\/wp-json\/wp\/v2\/notizie\/7589","targetHints":{"allow":["GET"]}}],"collection":[{"href":"https:\/\/sloveniaembassy.orderofmalta.int\/sl\/wp-json\/wp\/v2\/notizie"}],"about":[{"href":"https:\/\/sloveniaembassy.orderofmalta.int\/sl\/wp-json\/wp\/v2\/types\/news"}],"version-history":[{"count":1,"href":"https:\/\/sloveniaembassy.orderofmalta.int\/sl\/wp-json\/wp\/v2\/notizie\/7589\/revisions"}],"predecessor-version":[{"id":7590,"href":"https:\/\/sloveniaembassy.orderofmalta.int\/sl\/wp-json\/wp\/v2\/notizie\/7589\/revisions\/7590"}],"wp:attachment":[{"href":"https:\/\/sloveniaembassy.orderofmalta.int\/sl\/wp-json\/wp\/v2\/media?parent=7589"}],"curies":[{"name":"wp","href":"https:\/\/api.w.org\/{rel}","templated":true}]}}