{"id":7600,"date":"2024-01-26T14:22:55","date_gmt":"2024-01-26T12:22:55","guid":{"rendered":"https:\/\/sloveniaembassy.orderofmalta.int\/?post_type=news&#038;p=7600"},"modified":"2026-07-31T13:37:28","modified_gmt":"2026-07-31T11:37:28","slug":"veleposlanik-malteskega-reda-obisce-vodjo-protokola","status":"publish","type":"news","link":"https:\/\/sloveniaembassy.orderofmalta.int\/sl\/novice\/veleposlanik-malteskega-reda-obisce-vodjo-protokola\/","title":{"rendered":"Njegova presvetla visokost veleposlanik Suverenega malte\u0161kega vite\u0161kega reda obi\u0161\u010de njegovo ekscelenco veleposlanika, vodjo protokola na Ministrstvu za zunanje zadeve"},"featured_media":0,"menu_order":0,"template":"","class_list":["post-7600","news","type-news","status-publish","hentry"],"acf":{"hidden_news":"no","evidence":"yes","focus_on":"no","breaking":"yes","news_cover":{"id":7598,"url":"https:\/\/sloveniaembassy.orderofmalta.int\/wp-content\/uploads\/sites\/10\/2024\/01\/ededce3f-3058-4588-97fc-4841417528f3.jpg"},"news_gallery":"yes","news_gallery_elements":[{"id":7592,"url":"https:\/\/sloveniaembassy.orderofmalta.int\/wp-content\/uploads\/sites\/10\/2024\/01\/792cfe22-0075-4f19-a12b-2eb002d68127.jpg"},{"id":7594,"url":"https:\/\/sloveniaembassy.orderofmalta.int\/wp-content\/uploads\/sites\/10\/2024\/01\/4550fe8a-5712-40fe-81ba-a858491eab16.jpg"},{"id":7596,"url":"https:\/\/sloveniaembassy.orderofmalta.int\/wp-content\/uploads\/sites\/10\/2024\/01\/b2c3d76c-5525-4e24-8477-97fa9b4ddbed.jpg"},{"id":7598,"url":"https:\/\/sloveniaembassy.orderofmalta.int\/wp-content\/uploads\/sites\/10\/2024\/01\/ededce3f-3058-4588-97fc-4841417528f3.jpg"}],"news_excerpt":"Njegova presvetla visokost veleposlanik Suverenega malte\u0161kega vite\u0161kega reda opravi uradni obisk pri njegovi ekscelenci veleposlaniku, vodji protokola na Ministrstvu za zunanje zadeve","cover_image_copyrighted":false},"news_categories":[],"_links":{"self":[{"href":"https:\/\/sloveniaembassy.orderofmalta.int\/sl\/wp-json\/wp\/v2\/notizie\/7600","targetHints":{"allow":["GET"]}}],"collection":[{"href":"https:\/\/sloveniaembassy.orderofmalta.int\/sl\/wp-json\/wp\/v2\/notizie"}],"about":[{"href":"https:\/\/sloveniaembassy.orderofmalta.int\/sl\/wp-json\/wp\/v2\/types\/news"}],"version-history":[{"count":1,"href":"https:\/\/sloveniaembassy.orderofmalta.int\/sl\/wp-json\/wp\/v2\/notizie\/7600\/revisions"}],"predecessor-version":[{"id":7601,"href":"https:\/\/sloveniaembassy.orderofmalta.int\/sl\/wp-json\/wp\/v2\/notizie\/7600\/revisions\/7601"}],"wp:attachment":[{"href":"https:\/\/sloveniaembassy.orderofmalta.int\/sl\/wp-json\/wp\/v2\/media?parent=7600"}],"curies":[{"name":"wp","href":"https:\/\/api.w.org\/{rel}","templated":true}]}}