{"id":7614,"date":"2024-01-09T11:00:31","date_gmt":"2024-01-09T09:00:31","guid":{"rendered":"https:\/\/sloveniaembassy.orderofmalta.int\/?post_type=news&#038;p=7614"},"modified":"2026-07-31T13:46:31","modified_gmt":"2026-07-31T11:46:31","slug":"novoletni-nagovor-diplomatskemu-zboru","status":"publish","type":"news","link":"https:\/\/sloveniaembassy.orderofmalta.int\/sl\/novice\/novoletni-nagovor-diplomatskemu-zboru\/","title":{"rendered":"Novoletni nagovor diplomatskemu zboru, akreditiranemu pri Suverenem malte\u0161kem vite\u0161kem redu"},"featured_media":0,"menu_order":0,"template":"","class_list":["post-7614","news","type-news","status-publish","hentry"],"acf":{"hidden_news":"no","evidence":"yes","focus_on":"no","breaking":"yes","news_cover":{"id":7612,"url":"https:\/\/sloveniaembassy.orderofmalta.int\/wp-content\/uploads\/sites\/10\/2024\/01\/Schermata-2024-01-09-alle-17.01.33.png"},"news_content":"<p>Veliki mojster Fra\u2019 John Dunlap je danes sprejel diplomatski zbor, akreditiran pri Suverenem malte\u0161kem vite\u0161kem redu, na tradicionalni novoletni avdienci. Avdienca je potekala v Magistralni vili v Rimu.<\/p>\n<p>Po nagovoru dekana diplomatskega zbora, kamerunskega veleposlanika Antoina Zange, je veliki mojster imel naslednji govor.<\/p>\n<p>Gospod dekan, ekscelence, gospe in gospodje,<\/p>\n<p>z velikim veseljem vas danes pozdravljam na tradicionalni novoletni avdienci za diplomatski zbor, akreditiran pri Suverenem malte\u0161kem vite\u0161kem redu.<\/p>\n<p>Iskreno se zahvaljujem veleposlaniku Kameruna, njegovi ekscelenci Antoinu Zangi, za njegove navdihujo\u010de in spodbudne besede.<\/p>\n<p>V \u010dast in veselje mi je nagovoriti tako ugledno ob\u010dinstvo ob izmenjavi novoletnih vo\u0161\u010dil. \u010ceprav sem na tem dogodku govoril \u017ee lani, je danes prvi\u010d, da bom z vami delil svoje misli in poglede kot veliki mojster Suverenega malte\u0161kega vite\u0161kega reda.<\/p>\n<p>Rad bi spregovoril o vlogi in pomenu Malte\u0161kega reda, ustanove, ki je zdaj \u017ee v svojem drugem tiso\u010dletju obstoja. Da bi v celoti pojasnil pomen vloge Reda v dana\u0161njem svetu, menim, da je koristno razumeti pomembno prenovo, ki jo je Red izvedel v preteklem letu, njegove \u0161tevilne dejavnosti po vsem svetu, pogled Reda na \u0161tevilne krize, s katerimi se danes soo\u010damo, ter pomen in vrednost \u00bbverske diplomacije\u00ab v mednarodnih odnosih.<\/p>\n<p><strong>Ponovno odkrivanje na\u0161e preteklosti za oblikovanje na\u0161e prihodnosti<\/strong><\/p>\n<p>V preteklem letu se je veliko spremenilo, hitrost sprememb pa se bo o\u010ditno nadaljevala tudi v novem letu. Na generalnem kapitlju konec lanskega januarja je bila izvoljena nova vlada, usmerjena v reforme. Tesno smo sodelovali s kardinalom Tomasijem, takrat posebnim delegatom svetega o\u010deta pri Redu, in kardinalom Ghirlandom, takrat strokovnjakom za kanonsko pravo, dodeljenim generalnemu kapitlju, danes pa na\u0161im kardinalom patronom. Pripravljena in sprejeta sta bila nov zakonik in ustava, ki sta Red na \u0161tevilne na\u010dine okrepila. Najpomembneje pa je, da je Red iz procesa prenove iz\u0161el s ponovno odkrito in obnovljeno identiteto verskega reda.<\/p>\n<p>Po tako pomembnih volitvah je pri\u0161lo do jasnega in dinami\u010dnega pospe\u0161ka mednarodnih dejavnosti Reda. To je \u0161e posebej o\u010ditno, \u010de zadnjih dvanajst mesecev primerjamo s prej\u0161njimi leti. Ta so bila zaznamovana s posledicami pandemije covida-19, nepri\u010dakovano smrtjo velikega mojstra Fra\u2019 Giacoma dalla Torreja ter prehodom na nov zakonik in ustavo, ki ju je uvedla nova vlada z novimi prednostnimi nalogami in cilji.<\/p>\n<p>Takoj ko je nova vlada za\u010dela delovati, smo za\u010deli izvajati ve\u010d pomembnih diplomatskih pobud. V drugi polovici leta 2023 smo opravili nekaj izbranih uradnih obiskov pri najpomembnej\u0161ih mednarodnih partnerjih Reda. 19. junija sem obiskal rimskega pape\u017ea v Vatikanu, kjer me je sveti o\u010de zelo prisr\u010dno sprejel. Istega meseca sem vodil delegacijo v Republiko Malto, oto\u0161ko domovino Reda skozi ve\u010d stoletij in danes veliko prijateljico Reda. Novembra smo opravili uradni obisk v Republiki Italiji, kjer nas je prijazno sprejel predsednik Italijanske republike.<\/p>\n<p>Za te uradne obiske \u017ee na za\u010detku na\u0161ega mandata so seveda obstajali zgodovinski in tradicionalni razlogi, pa tudi dejstvo, da te prijateljske dr\u017eave pogosto gledajo na svetovne probleme skozi podobno prizmo kot mi v Malte\u0161kem redu.<\/p>\n<p>Septembra smo ponovno uvedli slovesnosti predaje poverilnih pisem veleposlanikov, akreditiranih pri Redu. Organizirali smo tri slovesnosti, na katerih je devet novih veleposlanikov predalo svoja poverilna pisma. V Magistralni pala\u010di smo sprejeli tudi ve\u010d uglednih institucionalnih predstavnikov iz va\u0161ih dr\u017eav.<\/p>\n<p>Med temi uglednimi gosti so bili predsednik Republike Paragvaj, predsedniki parlamentarnih skup\u0161\u010din Bolgarije, Kanade, Slova\u0161ke in Litve, predsednika vlad Libanona in Ukrajine, zunanji ministri Italije, Armenije, Paname, Salvadorja, Kostarike, Paragvaja in Gambije, italijanski minister za obrambo ter ministra za zdravje Armenije in Zelenortskih otokov. Ob nekaterih teh prilo\u017enostih smo praznovali obletnice vzpostavitve diplomatskih odnosov, od katerih nekateri segajo \u017ee v pozna \u0161tirideseta ali zgodnja petdeseta leta prej\u0161njega stoletja.<\/p>\n<p>Temeljnega pomena ne pripisujemo le odnosom Reda z veleposlani\u0161tvi, akreditiranimi pri Redu, ampak cenimo tudi neformalne odnose z drugimi prijateljskimi dr\u017eavami, od katerih so nekatere danes prisotne tukaj.<\/p>\n<p>Oktobra smo organizirali sre\u010danja z ve\u010d regionalnimi skupinami, da bi predstavili poslanstvo ter diplomatske in humanitarne dejavnosti Suverenega malte\u0161kega vite\u0161kega reda. Ena na\u0161ih prednostnih nalog je pove\u010dati \u0161tevilo dr\u017eav, s katerimi imamo diplomatske odnose. Trenutno gre za 113 dr\u017eav, kar predstavlja skoraj 60 odstotkov \u010dlanic Zdru\u017eenih narodov. To \u0161tevilo se je v zadnjih \u0161tiridesetih letih skoraj potrojilo, z 42 dr\u017eav leta 1981 na dana\u0161njih 113. Najnovej\u0161i primer je Republika Gambija, s katero smo septembra podpisali sporazum.<\/p>\n<p>Pomen \u0161irjenja na\u0161ih diplomatskih odnosov temelji na enem klju\u010dnem dejavniku: humanitarne krize lahko u\u010dinkoviteje obravnavamo v dr\u017eavah, s katerimi imamo vzpostavljene diplomatske odnose. Moja iskrena \u017eelja je, in za to si bom zelo prizadeval, da bi Red vzpostavil odnose z ve\u010d dr\u017eavami in regionalnimi organizacijami.<\/p>\n<p><strong>Vodilni ponudnik humanitarne pomo\u010di po svetu<\/strong><\/p>\n<p>Suvereni malte\u0161ki vite\u0161ki red izvaja \u0161tevilne humanitarne dejavnosti po vsem svetu, ne glede na regijo, politi\u010dne okoli\u0161\u010dine ali kulturni, verski oziroma dru\u017ebeni polo\u017eaj prejemnikov pomo\u010di. \u0160tevilne dejavnosti na terenu pri\u010dajo o resni\u010dno globalni naravi in dosegu na\u0161ega Reda.<\/p>\n<p>Prav s tem delovanjem Red dokazuje svojo zvestobo poslanstvu slu\u017eenja na\u0161im gospodom bolnim in ubogim. Dol\u017enost pomagati revnim je univerzalna in Red si prizadeva to univerzalnost odra\u017eati tudi v svojem pristopu k problemom svetovne rev\u0161\u010dine.<\/p>\n<p>Na primer, ne ukvarjamo se izklju\u010dno z nujno ali razvojno pomo\u010djo. Posebno pozornost namenjamo tudi socialnemu vklju\u010devanju in dru\u017ebeni povezanosti, saj skrbimo za revne, invalide in starej\u0161e tudi v \u0161tevilnih dr\u017eavah z razvitimi gospodarstvi. \u017dal je pojav \u00bbnovih revnih\u00ab, torej revnih ljudi, ki \u017eivijo v premo\u017enih dr\u017eavah, dramati\u010dna dru\u017ebena resni\u010dnost, potrebe na tem podro\u010dju pa so se mo\u010dno pove\u010dale.<\/p>\n<p>Pomo\u010d najrevnej\u0161im in najbolj ranljivim na mednarodni ravni zahteva ve\u010d pogojev, predvsem \u0161iroko spo\u0161tovanje nekaterih temeljnih univerzalnih na\u010del in u\u010dinkovit okvir mednarodnega sodelovanja.<\/p>\n<p>Malte\u0161ki red verjame v mednarodni red, ki temelji na na\u010delih \u010dlove\u0161kega bratstva in solidarnosti. Zato Red podpira norme mednarodnega humanitarnega prava in se prepoznava v dolo\u010dbah Ustanovne listine Zdru\u017eenih narodov.<\/p>\n<p>Le mednarodni sistem, ki temelji na na\u010delih in pravilih ter na mehanizmih medsebojnega sodelovanja, mediacije in mirnega re\u0161evanja sporov, lahko zagotovi spo\u0161tovanje \u010dlovekovih pravic in dostojno \u017eivljenje. Z dostojnim \u017eivljenjem mislim na dostop do osnovnih storitev, kot so izobra\u017eevanje, zdravstvo in pogoji za trajnostno gospodarsko rast.<\/p>\n<p><strong>Pogled Reda na dana\u0161nje krize<\/strong><\/p>\n<p>Ve\u010dstransko sodelovanje in sistem, ki temelji na univerzalnih na\u010delih solidarnosti, sta prav tako nujna za obravnavo temeljnih vpra\u0161anj na\u0161ega \u010dasa.<\/p>\n<p>Mednarodno sodelovanje in spo\u0161tovanje univerzalnih na\u010del morata biti uporabljena pri u\u010dinkovitem re\u0161evanju vpra\u0161anj migracij, globalnega zdravja, dolga, podnebnih sprememb, energetskega prehoda ter \u0161tevilnih izzivov in obenem velikih prilo\u017enosti, ki jih prina\u0161a razvoj umetne inteligence.<\/p>\n<p>\u017dal se zdi, da se mednarodni sistem premika v nasprotno smer. Soo\u010damo se z vse ve\u010djo razdrobljenostjo, novimi delitvami ter strate\u0161kim tekmovanjem in rivalstvi.<\/p>\n<p>Red je globoko zaskrbljen zaradi odpora proti duhu ve\u010dstranskega sodelovanja. To \u0161e posebej velja, ko vidimo Zdru\u017eene narode v polo\u017eajih, v katerih zaradi delitev znotraj Varnostnega sveta ne morejo izpolnjevati svojega mandata na podro\u010dju miru in varnosti.<\/p>\n<p>Tveganja nestabilnosti ter obmo\u010dja kriz in konfliktov se pove\u010dujejo. Posledica so ogromne humanitarne tragedije, ki se dogajajo pred na\u0161imi o\u010dmi. Ukrajina in Gaza sta najbolj o\u010ditna primera, vendar mednarodna skupnost \u0161tevilne druge krizne razmere zanemarja ali spregleda.<\/p>\n<p>Kot je nedavno dejal sveti o\u010de: \u00bb\u017divimo tretjo svetovno vojno po delih.\u00ab<\/p>\n<p>Kadar kriza preraste v konflikt, najhuj\u0161e posledice ob\u010dutijo civilisti, predvsem najbolj ranljive skupine: otroci, \u017eenske, starej\u0161i in invalidi.<\/p>\n<p>To smo videli v Ukrajini in Gazi, kjer vsakodnevna poro\u010dila govorijo o stotinah mrtvih in ranjenih med civilnim prebivalstvom. Nobena civilna infrastruktura ali dru\u017ebena slu\u017eba ni izvzeta: domovi, \u0161ole, bolni\u0161nice, tovarne, ceste in drugo.<\/p>\n<p>V zadnjem \u010dasu smo bili pri\u010da tudi namernemu napadanju energetske infrastrukture z namenom prekinitve \u017eivljenjsko pomembne oskrbe civilnega prebivalstva z energijo v najte\u017ejih vremenskih in \u017eivljenjskih razmerah.<\/p>\n<p>Videli smo tudi napade na bolni\u0161nice in humanitarne operacije z uni\u010dujo\u010dimi posledicami. Uni\u010denje teh \u017eivljenjsko pomembnih ustanov je prakti\u010dno poru\u0161ilo zdravstvene sisteme za milijone civilistov in ogrozilo celotne dru\u017ebe.<\/p>\n<p>Tak\u0161ne razmere so v nasprotju s samim pojmom eti\u010dnega \u010dlove\u0161kega ravnanja.<\/p>\n<p>Suvereni malte\u0161ki vite\u0161ki red ponovno potrjuje svojo zavezanost mednarodnemu sistemu, ki temelji na pravilih in na\u010delih bratstva, sodelovanja in solidarnosti.<\/p>\n<p>\u0160e posebej pozivamo k spo\u0161tovanju mednarodnega prava, mednarodnega humanitarnega prava in dolo\u010db Ustanovne listine Zdru\u017eenih narodov.<\/p>\n<p>Red je prek svoje diplomacije to dosledno zagovarjal v preteklem letu in bo to po\u010del tudi v prihodnje. Sodelovali smo na mednarodnih dogodkih, nastopali na mednarodnih forumih in objavljali izjave, v katerih smo jasno poudarjali potrebo po spo\u0161tovanju \u010dlove\u0161kih \u017eivljenj, nevtralnosti humanitarne pomo\u010di in za\u0161\u010diti humanitarnih delavcev, ki pomagajo ljudem v nevarnosti.<\/p>\n<p>Kljub temu mora mednarodna skupnost storiti ve\u010d. Vsi subjekti in organizacije, katerih mandat in poslanstvo sta globoko zakoreninjena v humanitarnem delu, bi morali sodelovati, da bi zagotovili ve\u010dji u\u010dinek in mo\u010dnej\u0161e zagovorni\u0161tvo pri politi\u010dnih voditeljih, medijih, izobra\u017eevalnih ustanovah in drugih kanalih javnega komuniciranja.<\/p>\n<p>Velike mednarodne forume, kot so G7, G20 in drugi, bi morali humanitarni zagovorniki dosledno spodbujati, naj ve\u010d pozornosti namenijo hudim humanitarnim in dru\u017ebenim posledicam vojn in konfliktov.<\/p>\n<p>Uni\u010denje infrastrukture \u0161e pove\u010duje visoke stro\u0161ke, ki jih utrpijo dr\u017eave v konfliktu, vendar breme teh stro\u0161kov na koncu ponovno nesorazmerno nosijo civilisti.<\/p>\n<p>Suvereni malte\u0161ki vite\u0161ki red je apoliti\u010den in nevtralen, vendar ni neob\u010dutljiv za nasilje in krivice ter zagotovo ne zapira o\u010di pred \u010dlove\u0161kimi tragedijami in odgovornostmi, ki do njih vodijo.<\/p>\n<p>Po izbruhu vojne v Ukrajini je Red mobiliziral svoje svetovne vire. V zadnjih dveh letih je izvedel obse\u017eno humanitarno operacijo tako v Ukrajini kot tudi v sosednjih in drugih dr\u017eavah, da bi pomagal beguncem in notranje razseljenim osebam.<\/p>\n<p>Pomo\u010d je bila raznolika, od zdravstvene oskrbe do psiholo\u0161ke pomo\u010di, in je potekala v ve\u010d kot 60 centrih znotraj same Ukrajine. Ocenjujemo, da je skupna vrednost operacije zna\u0161ala 60 milijonov evrov.<\/p>\n<p>Ni presenetljivo, da Suvereni malte\u0161ki vite\u0161ki red pripisuje Sveti de\u017eeli poseben pomen. Tam se je rodil na\u0161 Gospod Jezus Kristus, tam je \u017eivel in oznanjal svoje sporo\u010dilo upanja in vere. Tam je bil kri\u017ean in je vstal od mrtvih. In prav v tej de\u017eeli je bil pred tiso\u010d leti ustanovljen Malte\u0161ki red.<\/p>\n<p>Seveda so nas pretresli napadi 7. oktobra na izraelske dr\u017eavljane in tujce na jugu Izraela. Nobeno nepravi\u010dno ravnanje, ne glede na svojo skrajnost, nikoli ne more opravi\u010diti nasilja, brutalnosti in popolnega pomanjkanja \u010dlove\u0161kega so\u010dutja, ki so zaznamovali ta odvratna teroristi\u010dna dejanja.<\/p>\n<p>Izra\u017eamo solidarnost z dru\u017einami \u017ertev in s talci, ki jih teroristi\u010dne skupine \u0161e vedno zadr\u017eujejo.<\/p>\n<p>Hkrati pa prizori uni\u010denja, smrti in ogromnega \u010dlove\u0161kega trpljenja, ki smo jim bili v naslednjih tednih pri\u010da v Gazi, kr\u0161ijo na\u010dela \u010dlove\u010dnosti.<\/p>\n<p>Nasprotujejo normam mednarodnega humanitarnega prava in dol\u017enosti varovanja \u010dlove\u0161kih \u017eivljenj tudi v najte\u017ejih razmerah oboro\u017eenih spopadov.<\/p>\n<p>Red namerava svoje vire uporabiti za pomo\u010d pri obravnavi tragi\u010dnih humanitarnih posledic trenutnih razmer v Gazi, zlasti glede otrok in sirot, takoj ko bodo razmere na terenu to dopu\u0161\u010dale.<\/p>\n<p>Medtem na\u0161e pogumno in predano osebje kljub \u0161tevilnim te\u017eavam nadaljuje dragoceno delo v bolni\u0161nici Svete dru\u017eine v Betlehemu.<\/p>\n<p>Prav tako si prizadevamo, da bi bili na\u0161i posegi na terenu u\u010dinkovitej\u0161i in bolj raznoliki. V izrednih razmerah moramo ukrepati hitro in imeti dostop do \u0161ir\u0161ega nabora finan\u010dnih virov za na\u0161e humanitarne operacije.<\/p>\n<p>Kon\u010dni cilj ostaja zagotavljanje pomo\u010di ljudem v stiski z najmanj mo\u017enimi postopki in stro\u0161ki, z najve\u010djo mo\u017eno u\u010dinkovitostjo in neposrednim dostopom do tistih, ki trpijo.<\/p>\n<p><strong>Vrednost verske diplomacije<\/strong><\/p>\n<p>Na koncu bi \u017eelel na kratko spregovoriti \u0161e o malo znani in redko obravnavani temi: \u00bbverski diplomaciji\u00ab.<\/p>\n<p>\u010ce \u017eelimo bolje razumeti naravo Malte\u0161kega reda, ga moramo obravnavati v vseh njegovih razse\u017enostih: kot verski red znotraj Rimskokatoli\u0161ke cerkve, kot suvereni subjekt mednarodnega prava, ki ga priznavajo Zdru\u017eeni narodi in 113 dr\u017eav po svetu, ter kot organizacijo s poslanstvom slu\u017eenja bolnim in revnim, od lokalnih ljudskih kuhinj do zahtevnih mednarodnih operacij pomo\u010di v kriznih razmerah.<\/p>\n<p>Zato je povsem smiselno, da je Red dejaven in zainteresiran za spodbujanje \u00bbverske diplomacije\u00ab v mednarodnih krogih.<\/p>\n<p>Religije so mo\u010dan vir navdiha in motivacije za \u0161tevilne posameznike in skupine po svetu. V svoji najbolj\u0161i obliki lahko religije navdihujejo \u010dlove\u0161tvo, da kljub vsem strahovom stori izjemne stvari za skrb za naj\u0161ibkej\u0161e in najbolj ranljive \u010dlane dru\u017ebe.<\/p>\n<p>Klju\u010dni del verske diplomacije predstavlja medverski dialog, ki je temeljni element prizadevanj za mir in pravi\u010dnost.<\/p>\n<p>Predanost in izjemna prizadevanja skoraj 100.000 prostovoljcev Malte\u0161kega reda po svetu so primer tega, kako lahko vera navdihuje mir in pravi\u010dnost.<\/p>\n<p>\u017delim pohvaliti njihovo delo, zlasti delo tistih, ki se soo\u010dajo s tveganji in gro\u017enjami za lastno varnost, ter priznati njihovo motivacijo, ki izhaja iz vere.<\/p>\n<p>Kot sem \u017ee omenil, je ena prednostnih nalog nove vlade okrepiti zmogljivosti in doseg na\u0161e diplomatske mre\u017ee.<\/p>\n<p>S tem \u017eelimo spodbujati koncept verske diplomacije, pri kateri lahko sekularni subjekti najdejo skupno izhodi\u0161\u010de z verskimi organizacijami ter tako prispevajo k ve\u010dji harmoniji in skupnemu ob\u010dutku namena v mednarodni diplomaciji.<\/p>\n<p>V ta namen bomo konec tega meseca tukaj na Aventinu organizirali konferenco veleposlanikov Reda. \u0160lo bo za tridnevni dogodek, ki bo zdru\u017eil vse veleposlanike in posebne odposlance Malte\u0161kega reda.<\/p>\n<p>Razpravljali bodo o ve\u010d temah, vklju\u010dno z nekaterimi najpomembnej\u0161imi globalnimi vpra\u0161anji, povezanimi z njihovim delovanjem, ob sodelovanju uglednih zunanjih osebnosti.<\/p>\n<p><strong>Zaklju\u010dek<\/strong><\/p>\n<p>Malte\u0161ki red namerava \u0161e naprej opravljati svojo tradicionalno vlogo na svetovnem prizori\u0161\u010du kot zagovornik miru in solidarnosti ter ponudnik humanitarne pomo\u010di.<\/p>\n<p>Red verjame, da obstaja vse ve\u010dja potreba po mo\u010dni in u\u010dinkoviti humanitarni diplomaciji, ki jo je mogo\u010de deloma podpreti z ve\u010djim poudarkom na verski diplomaciji.<\/p>\n<p>Ve\u010d kot 900-letna zgodovina Reda, njegova zavezanost revnim in \u0161tevilni dose\u017eki mu dajejo pravico, da deluje in je priznan kot pomemben mednarodni akter na tem podro\u010dju.<\/p>\n<p>Seveda moramo sodelovati z drugimi organizacijami, ki delijo na\u0161e vrednote, ter na\u0161e dejavnosti narediti \u0161ir\u0161e in bolj trajnostne.<\/p>\n<p>Toda na koncu svoje poslanstvo opravljamo v istem duhu in z istimi cilji, ki so navdihovali bla\u017eenega Gerarda in njegove sobrate ob ustanovitvi na\u0161ega verskega reda, Suverenega malte\u0161kega vite\u0161kega reda.<\/p>\n<p>Malte\u0161ki red ra\u010duna na prijateljske in sodelovalne odnose z va\u0161imi dr\u017eavami ter z drugimi dr\u017eavami, s katerimi bo odnose vzpostavil v prihodnosti.<\/p>\n<p>V tem duhu upanja in predanosti na\u0161emu poslanstvu vam, va\u0161im dru\u017einam, vsem zaposlenim na va\u0161ih veleposlani\u0161tvih ter prebivalcem va\u0161ih dr\u017eav \u017eelim vse najbolj\u0161e v novem letu in vam zagotavljam na\u0161e molitve za plodno in uspe\u0161no prihodnost.<\/p>\n<p>Naj v prihajajo\u010dem letu mir in spo\u0161tovanje \u010dlove\u010dnosti prevladujeta nad nasiljem in krivico.<\/p>\n<p>Hvala.<\/p>\n","news_gallery":"yes","news_gallery_elements":[{"id":7612,"url":"https:\/\/sloveniaembassy.orderofmalta.int\/wp-content\/uploads\/sites\/10\/2024\/01\/Schermata-2024-01-09-alle-17.01.33.png"}],"news_excerpt":"Novoletni nagovor \u010dlanom diplomatskega zbora, akreditiranim pri Suverenem malte\u0161kem vite\u0161kem redu","cover_image_copyrighted":false},"news_categories":[],"_links":{"self":[{"href":"https:\/\/sloveniaembassy.orderofmalta.int\/sl\/wp-json\/wp\/v2\/notizie\/7614","targetHints":{"allow":["GET"]}}],"collection":[{"href":"https:\/\/sloveniaembassy.orderofmalta.int\/sl\/wp-json\/wp\/v2\/notizie"}],"about":[{"href":"https:\/\/sloveniaembassy.orderofmalta.int\/sl\/wp-json\/wp\/v2\/types\/news"}],"version-history":[{"count":1,"href":"https:\/\/sloveniaembassy.orderofmalta.int\/sl\/wp-json\/wp\/v2\/notizie\/7614\/revisions"}],"predecessor-version":[{"id":7615,"href":"https:\/\/sloveniaembassy.orderofmalta.int\/sl\/wp-json\/wp\/v2\/notizie\/7614\/revisions\/7615"}],"wp:attachment":[{"href":"https:\/\/sloveniaembassy.orderofmalta.int\/sl\/wp-json\/wp\/v2\/media?parent=7614"}],"curies":[{"name":"wp","href":"https:\/\/api.w.org\/{rel}","templated":true}]}}