{"id":7639,"date":"2024-01-08T10:00:02","date_gmt":"2024-01-08T08:00:02","guid":{"rendered":"https:\/\/sloveniaembassy.orderofmalta.int\/?post_type=news&#038;p=7639"},"modified":"2026-07-31T13:50:57","modified_gmt":"2026-07-31T11:50:57","slug":"novoletna-voscila-vatikanskega-diplomatskega-zbora","status":"publish","type":"news","link":"https:\/\/sloveniaembassy.orderofmalta.int\/sl\/novice\/novoletna-voscila-vatikanskega-diplomatskega-zbora\/","title":{"rendered":"Novoletna vo\u0161\u010dila vatikanskega diplomatskega zbora"},"featured_media":0,"menu_order":0,"template":"","class_list":["post-7639","news","type-news","status-publish","hentry"],"acf":{"hidden_news":"no","evidence":"yes","focus_on":"no","breaking":"yes","news_cover":{"id":7637,"url":"https:\/\/sloveniaembassy.orderofmalta.int\/wp-content\/uploads\/sites\/10\/2024\/01\/Schermata-2024-01-16-alle-10.09.41.png"},"news_gallery":"yes","news_gallery_elements":[{"id":7617,"url":"https:\/\/sloveniaembassy.orderofmalta.int\/wp-content\/uploads\/sites\/10\/2024\/01\/00151_08012024.jpg"},{"id":7619,"url":"https:\/\/sloveniaembassy.orderofmalta.int\/wp-content\/uploads\/sites\/10\/2024\/01\/00420_08012024.jpg"},{"id":7621,"url":"https:\/\/sloveniaembassy.orderofmalta.int\/wp-content\/uploads\/sites\/10\/2024\/01\/00485_08012024.jpg"},{"id":7623,"url":"https:\/\/sloveniaembassy.orderofmalta.int\/wp-content\/uploads\/sites\/10\/2024\/01\/00643_08012024.jpg"},{"id":7625,"url":"https:\/\/sloveniaembassy.orderofmalta.int\/wp-content\/uploads\/sites\/10\/2024\/01\/00772_08012024.jpg"},{"id":7627,"url":"https:\/\/sloveniaembassy.orderofmalta.int\/wp-content\/uploads\/sites\/10\/2024\/01\/00870_08012024.jpg"},{"id":7629,"url":"https:\/\/sloveniaembassy.orderofmalta.int\/wp-content\/uploads\/sites\/10\/2024\/01\/01108_08012024.jpg"},{"id":7631,"url":"https:\/\/sloveniaembassy.orderofmalta.int\/wp-content\/uploads\/sites\/10\/2024\/01\/05635_08012024.jpg"},{"id":7633,"url":"https:\/\/sloveniaembassy.orderofmalta.int\/wp-content\/uploads\/sites\/10\/2024\/01\/c949dc8e-52d3-452a-b031-a4374276aec3.jpg"},{"id":7635,"url":"https:\/\/sloveniaembassy.orderofmalta.int\/wp-content\/uploads\/sites\/10\/2024\/01\/Schermata-2024-01-16-alle-10.07.50.png"},{"id":7637,"url":"https:\/\/sloveniaembassy.orderofmalta.int\/wp-content\/uploads\/sites\/10\/2024\/01\/Schermata-2024-01-16-alle-10.09.41.png"}],"news_excerpt":"Novoletna vo\u0161\u010dila diplomatskega zbora, akreditiranega pri Svetem sede\u017eu","cover_image_copyrighted":false},"news_categories":[],"_links":{"self":[{"href":"https:\/\/sloveniaembassy.orderofmalta.int\/sl\/wp-json\/wp\/v2\/notizie\/7639","targetHints":{"allow":["GET"]}}],"collection":[{"href":"https:\/\/sloveniaembassy.orderofmalta.int\/sl\/wp-json\/wp\/v2\/notizie"}],"about":[{"href":"https:\/\/sloveniaembassy.orderofmalta.int\/sl\/wp-json\/wp\/v2\/types\/news"}],"version-history":[{"count":1,"href":"https:\/\/sloveniaembassy.orderofmalta.int\/sl\/wp-json\/wp\/v2\/notizie\/7639\/revisions"}],"predecessor-version":[{"id":7640,"href":"https:\/\/sloveniaembassy.orderofmalta.int\/sl\/wp-json\/wp\/v2\/notizie\/7639\/revisions\/7640"}],"wp:attachment":[{"href":"https:\/\/sloveniaembassy.orderofmalta.int\/sl\/wp-json\/wp\/v2\/media?parent=7639"}],"curies":[{"name":"wp","href":"https:\/\/api.w.org\/{rel}","templated":true}]}}