{"id":7675,"date":"2023-12-11T20:00:32","date_gmt":"2023-12-11T18:00:32","guid":{"rendered":"https:\/\/sloveniaembassy.orderofmalta.int\/?post_type=news&#038;p=7675"},"modified":"2026-07-31T14:39:03","modified_gmt":"2026-07-31T12:39:03","slug":"vecerja-v-cast-knezu-in-velikemu-mojstru","status":"publish","type":"news","link":"https:\/\/sloveniaembassy.orderofmalta.int\/sl\/novice\/vecerja-v-cast-knezu-in-velikemu-mojstru\/","title":{"rendered":"Ve\u010derja v \u010dast knezu in velikemu mojstru"},"featured_media":0,"menu_order":0,"template":"","class_list":["post-7675","news","type-news","status-publish","hentry"],"acf":{"hidden_news":"no","evidence":"yes","focus_on":"no","breaking":"yes","news_cover":{"id":7665,"url":"https:\/\/sloveniaembassy.orderofmalta.int\/wp-content\/uploads\/sites\/10\/2023\/12\/IMG_1369.jpeg"},"news_gallery":"yes","news_gallery_elements":[{"id":7665,"url":"https:\/\/sloveniaembassy.orderofmalta.int\/wp-content\/uploads\/sites\/10\/2023\/12\/IMG_1369.jpeg"},{"id":7667,"url":"https:\/\/sloveniaembassy.orderofmalta.int\/wp-content\/uploads\/sites\/10\/2023\/12\/IMG_1371.jpeg"},{"id":7669,"url":"https:\/\/sloveniaembassy.orderofmalta.int\/wp-content\/uploads\/sites\/10\/2023\/12\/IMG_1375.jpeg"},{"id":7671,"url":"https:\/\/sloveniaembassy.orderofmalta.int\/wp-content\/uploads\/sites\/10\/2023\/12\/IMG_1379.jpeg"},{"id":7673,"url":"https:\/\/sloveniaembassy.orderofmalta.int\/wp-content\/uploads\/sites\/10\/2023\/12\/IMG_1380.jpeg"}],"news_excerpt":"Uradna ve\u010derja v \u010dast njegove najvi\u0161je eminence, kneza in velikega mojstra","cover_image_copyrighted":false},"news_categories":[],"_links":{"self":[{"href":"https:\/\/sloveniaembassy.orderofmalta.int\/sl\/wp-json\/wp\/v2\/notizie\/7675","targetHints":{"allow":["GET"]}}],"collection":[{"href":"https:\/\/sloveniaembassy.orderofmalta.int\/sl\/wp-json\/wp\/v2\/notizie"}],"about":[{"href":"https:\/\/sloveniaembassy.orderofmalta.int\/sl\/wp-json\/wp\/v2\/types\/news"}],"version-history":[{"count":1,"href":"https:\/\/sloveniaembassy.orderofmalta.int\/sl\/wp-json\/wp\/v2\/notizie\/7675\/revisions"}],"predecessor-version":[{"id":7676,"href":"https:\/\/sloveniaembassy.orderofmalta.int\/sl\/wp-json\/wp\/v2\/notizie\/7675\/revisions\/7676"}],"wp:attachment":[{"href":"https:\/\/sloveniaembassy.orderofmalta.int\/sl\/wp-json\/wp\/v2\/media?parent=7675"}],"curies":[{"name":"wp","href":"https:\/\/api.w.org\/{rel}","templated":true}]}}