{"id":7691,"date":"2023-11-23T12:00:09","date_gmt":"2023-11-23T10:00:09","guid":{"rendered":"https:\/\/sloveniaembassy.orderofmalta.int\/?post_type=news&#038;p=7691"},"modified":"2026-07-31T14:47:18","modified_gmt":"2026-07-31T12:47:18","slug":"veliki-mojster-obisce-predsednika-italije","status":"publish","type":"news","link":"https:\/\/sloveniaembassy.orderofmalta.int\/sl\/novice\/veliki-mojster-obisce-predsednika-italije\/","title":{"rendered":"Njegova najvi\u0161ja eminenca, knez in veliki mojster, na uradnem obisku pri predsedniku Italijanske republike"},"featured_media":0,"menu_order":0,"template":"","class_list":["post-7691","news","type-news","status-publish","hentry"],"acf":{"hidden_news":"no","evidence":"yes","focus_on":"no","breaking":"yes","news_cover":{"id":7689,"url":"https:\/\/sloveniaembassy.orderofmalta.int\/wp-content\/uploads\/sites\/10\/2023\/11\/NICU5384.jpg"},"news_content":"<p>Delegacijo Suverenega malte\u0161kega vite\u0161kega reda, ki jo je vodil veliki mojster Fra\u2019 John T. Dunlap, je danes med uradnim obiskom v Kvirinalski pala\u010di sprejel predsednik Italijanske republike Sergio Mattarella.<\/p>\n<p>Sre\u010danje je poudarilo globoko in vzajemno podporo, ki \u017ee od nekdaj povezuje Malte\u0161ki red in Italijansko republiko. Predsednik Mattarella je po poudarku \u00bbodli\u010dnih in trdnih vezi\u00ab, ki zdru\u017eujejo Italijo in Malte\u0161ki red, izrazil veliko priznanje vlogi Reda kot pomembnega akterja na podro\u010dju humanitarne diplomacije in medverskega dialoga.<\/p>\n<p>\u00bbItalija stoji ob strani Redu in namerava \u0161e naprej podpirati va\u0161e delovanje v korist miru in humanitarne pomo\u010di,\u00ab je dejal predsednik in kot primer navedel \u00bbveliko in pomembno stvarnost bolni\u0161nice v Betlehemu\u00ab v Sveti de\u017eeli.<\/p>\n<p>Med pogovori so obravnavali \u0161tevilna vpra\u0161anja \u2013 od zgodovinskih in kulturnih vezi ter italijanskega jezika kot skupnega elementa razli\u010dnih struktur Reda do diplomatskih odnosov, za\u0161\u010dite beguncev, Ukrajine in Svete de\u017eele ter dvostranskega sporazuma z Italijanskim re\u0161evalnim korpusom Reda.<\/p>\n<p>Sre\u010danje je bilo tudi prilo\u017enost za poudarjanje \u0161tevilnih zdravstvenih in humanitarnih dejavnosti, namenjenih najbolj prikraj\u0161anim. Samo v Italiji Red vsako leto zagotovi ve\u010d kot 1,5 milijona zdravstvenih storitev.<\/p>\n<p>Rusko-ukrajinski konflikt, konflikt v Sveti de\u017eeli in glavne mednarodne razmere so bili v sredi\u0161\u010du pogovorov, pri katerih so posebej poudarili pomen humanitarnega delovanja na kriznih obmo\u010djih ter zagotavljanja varnosti in podpore najbolj ranljivim.<\/p>\n<p>Malte\u0161ki red je dejaven tudi na obmo\u010djih izraelsko-palestinskega konflikta, kjer upravlja bolni\u0161nico Svete dru\u017eine v Betlehemu. Poleg zagotavljanja visokokakovostne zdravstvene oskrbe se je v tej bolni\u0161nici od leta 1990 rodilo ve\u010d kot 100.000 otrok.<\/p>\n<p>\u00bbPrav ta prisotnost na obmo\u010dju,\u00ab je dejal predsednik Mattarella, \u00bbdaje Malte\u0161kemu redu njegov poseben pogled in avtoriteto.\u00ab<\/p>\n<p>Enako pomembna je zavezanost Reda v Ukrajini, kjer je na prvi bojni \u010drti humanitarne pomo\u010di \u017ee od za\u010detka konflikta. Pomagal je pribli\u017eno 300.000 ljudem na mejah, razdelil 6.700 ton humanitarne pomo\u010di v 71 razli\u010dnih mestih po vsej dr\u017eavi ter zagotovil psiholo\u0161ko pomo\u010d in usposabljanje iz prve pomo\u010di.<\/p>\n<p>Med obiskom je bilo izra\u017eeno tudi priznanje delu Malte\u0161kega reda v Italiji, zlasti njegovemu petnajstletnemu delovanju na podro\u010dju re\u0161evanja migrantov v Sredozemskem morju in sodelovanju pri intervencijah civilne za\u0161\u010dite.<\/p>\n<p>Od leta 2008 do danes je Malte\u0161ki red zagotovil zdravstveno pomo\u010d in podporo 250.000 migrantom in beguncem ter zagotavljal zdravstveno osebje 24 ur na dan, sedem dni v tednu.<\/p>\n<p>Red deluje tako na kopnem, na primer na Lampedusi, kot tudi na morju na plovilih italijanske obalne stra\u017ee.<\/p>\n","news_gallery":"yes","news_gallery_elements":[{"id":7689,"url":"https:\/\/sloveniaembassy.orderofmalta.int\/wp-content\/uploads\/sites\/10\/2023\/11\/NICU5384.jpg"}],"news_excerpt":"Njegova najvi\u0161ja eminenca, knez in veliki mojster, opravi uradni obisk pri predsedniku Italijanske republike","cover_image_copyrighted":false},"news_categories":[],"_links":{"self":[{"href":"https:\/\/sloveniaembassy.orderofmalta.int\/sl\/wp-json\/wp\/v2\/notizie\/7691","targetHints":{"allow":["GET"]}}],"collection":[{"href":"https:\/\/sloveniaembassy.orderofmalta.int\/sl\/wp-json\/wp\/v2\/notizie"}],"about":[{"href":"https:\/\/sloveniaembassy.orderofmalta.int\/sl\/wp-json\/wp\/v2\/types\/news"}],"version-history":[{"count":1,"href":"https:\/\/sloveniaembassy.orderofmalta.int\/sl\/wp-json\/wp\/v2\/notizie\/7691\/revisions"}],"predecessor-version":[{"id":7692,"href":"https:\/\/sloveniaembassy.orderofmalta.int\/sl\/wp-json\/wp\/v2\/notizie\/7691\/revisions\/7692"}],"wp:attachment":[{"href":"https:\/\/sloveniaembassy.orderofmalta.int\/sl\/wp-json\/wp\/v2\/media?parent=7691"}],"curies":[{"name":"wp","href":"https:\/\/api.w.org\/{rel}","templated":true}]}}