{"id":7825,"date":"2023-11-06T08:00:18","date_gmt":"2023-11-06T06:00:18","guid":{"rendered":"https:\/\/sloveniaembassy.orderofmalta.int\/?post_type=news&#038;p=7825"},"modified":"2026-07-31T15:12:57","modified_gmt":"2026-07-31T13:12:57","slug":"red-bozjega-groba-na-posvetovanju-v-rimu","status":"publish","type":"news","link":"https:\/\/sloveniaembassy.orderofmalta.int\/sl\/novice\/red-bozjega-groba-na-posvetovanju-v-rimu\/","title":{"rendered":"Red Bo\u017ejega groba na posvetovanju v Rimu"},"featured_media":0,"menu_order":0,"template":"","class_list":["post-7825","news","type-news","status-publish","hentry"],"acf":{"hidden_news":"no","evidence":"yes","focus_on":"no","breaking":"yes","news_cover":{"id":7819,"url":"https:\/\/sloveniaembassy.orderofmalta.int\/wp-content\/uploads\/sites\/10\/2023\/11\/IMG_1349-1024x715-1.png"},"news_content":"<p>Voditelji Reda Bo\u017ejega groba z vsega sveta \u2013 150 oseb iz pribli\u017eno 40 dr\u017eav \u2013 so se ta teden zbrali v Rimu na Consulti, generalni skup\u0161\u010dini na\u0161e pape\u0161ke ustanove, ki poteka vsaka \u0161tiri leta ob navzo\u010dnosti na\u0161ega velikega mojstra, kardinala Fernanda Filonija, in pod vodstvom na\u0161ega generalnega guvernerja, njegove ekscelence Leonarda Viscontija di Modroneja. Prvi\u010d so bili poleg namestnikov in magistralnih delegatov \u2013 laikov, odgovornih za lokalno vodenje Reda \u2013 navzo\u010di tudi duhovni voditelji vitezov in dam, imenovani veliki priorji.<\/p>\n<p>Zaradi tragi\u010dnih razmer v Sveti de\u017eeli se latinski patriarh Jeruzalema in veliki prior Reda, kardinal Pierbattista Pizzaballa, sre\u010danja ni mogel udele\u017eiti osebno. Kljub temu se je uvodnemu plenarnemu zasedanju pridru\u017eil na daljavo prek spletne povezave. Njegov opis trenutnih dogodkov in predvsem trpljenja lokalnega prebivalstva nas je globoko ganil, zato smo mu svojo bli\u017eino izrazili v pismu, ki smo ga vsi osebno podpisali. Zdaj bolj kot kadar koli prej \u017eelimo izraziti svojo bli\u017eino in popolno podporo Materi Cerkvi v Jeruzalemu: to je bila vedno na\u0161a naloga in na\u0161e poslanstvo.<\/p>\n<p>Pape\u017e Fran\u010di\u0161ek nas je sprejel v avdienco in hvale\u017eni smo bili za njegove besede: \u00bbPrazen grob, katerega posebni varuhi ste se skozi stoletja in po svojem poslanstvu zavezali biti, je v tem smislu predvsem znamenje brezmejne ljubezni Kri\u017eanega, ki ni\u010desar ne zadr\u017euje zase in ga zato tudi vezi smrti ne morejo zadr\u017eati; je znamenje zmage Vstalega, v katerem tudi mi najdemo \u017eivljenje.\u00ab<\/p>\n<p>Tema formacije \u010dlanov Reda, ki je bila v sredi\u0161\u010du na\u0161e Consulte, nas je ponovno pripeljala k bistvu na\u0161ega poklica: da danes s svojim pri\u010devanjem upanja in konkretne solidarnosti o\u017eivljamo skrivnost Kristusove smrti in vstajenja. Pri tej zahtevni nalogi se zavezujemo stati ob strani Latinskemu patriarhatu v Jeruzalemu v imenu vesoljne Cerkve.<\/p>\n<p>\u00bbDuhovno sem povezan z vami, ki to sre\u010danje Consulte gotovo do\u017eivljate v skupnem velikem trpljenju Matere Cerkve v Jeruzalemu in v pro\u0161nji za dar miru,\u00ab je dejal tudi pape\u017e Fran\u010di\u0161ek.<\/p>\n<p>Kot mo\u017eje in \u017eene vere smo blizu trpljenju vseh nedol\u017enih \u017ertev konflikta in skupaj s svetim o\u010detom \u0161e naprej molimo, da bi bila najdena pravi\u010dna re\u0161itev ter da bi bil tej Sveti de\u017eeli podarjen mir, dar od zgoraj, ki se \u0161e nikoli ni zdel tako oddaljen.<\/p>\n","news_gallery":"yes","news_gallery_elements":[{"id":7819,"url":"https:\/\/sloveniaembassy.orderofmalta.int\/wp-content\/uploads\/sites\/10\/2023\/11\/IMG_1349-1024x715-1.png"},{"id":7821,"url":"https:\/\/sloveniaembassy.orderofmalta.int\/wp-content\/uploads\/sites\/10\/2023\/11\/IMG_1350-1024x715-1.png"},{"id":7823,"url":"https:\/\/sloveniaembassy.orderofmalta.int\/wp-content\/uploads\/sites\/10\/2023\/11\/IMG_1351-1024x657-1.jpeg"}],"news_excerpt":"Red Bo\u017ejega groba se udele\u017ei posvetovanja, ki je potekalo v Rimu","cover_image_copyrighted":false},"news_categories":[],"_links":{"self":[{"href":"https:\/\/sloveniaembassy.orderofmalta.int\/sl\/wp-json\/wp\/v2\/notizie\/7825","targetHints":{"allow":["GET"]}}],"collection":[{"href":"https:\/\/sloveniaembassy.orderofmalta.int\/sl\/wp-json\/wp\/v2\/notizie"}],"about":[{"href":"https:\/\/sloveniaembassy.orderofmalta.int\/sl\/wp-json\/wp\/v2\/types\/news"}],"version-history":[{"count":1,"href":"https:\/\/sloveniaembassy.orderofmalta.int\/sl\/wp-json\/wp\/v2\/notizie\/7825\/revisions"}],"predecessor-version":[{"id":7826,"href":"https:\/\/sloveniaembassy.orderofmalta.int\/sl\/wp-json\/wp\/v2\/notizie\/7825\/revisions\/7826"}],"wp:attachment":[{"href":"https:\/\/sloveniaembassy.orderofmalta.int\/sl\/wp-json\/wp\/v2\/media?parent=7825"}],"curies":[{"name":"wp","href":"https:\/\/api.w.org\/{rel}","templated":true}]}}