{"id":7877,"date":"2023-09-27T16:30:24","date_gmt":"2023-09-27T14:30:24","guid":{"rendered":"https:\/\/sloveniaembassy.orderofmalta.int\/?post_type=news&#038;p=7877"},"modified":"2026-07-31T15:28:08","modified_gmt":"2026-07-31T13:28:08","slug":"ovratnica-oznanjenja-velikemu-mojstru-dunlapu","status":"publish","type":"news","link":"https:\/\/sloveniaembassy.orderofmalta.int\/sl\/novice\/ovratnica-oznanjenja-velikemu-mojstru-dunlapu\/","title":{"rendered":"Ovratnica reda Presvetega oznanjenja njegovi najvi\u0161ji eminenci Fra\u2019 Johnu T. Dunlapu, knezu in velikemu mojstru Suverenega malte\u0161kega vite\u0161kega reda"},"featured_media":0,"menu_order":0,"template":"","class_list":["post-7877","news","type-news","status-publish","hentry"],"acf":{"hidden_news":"no","evidence":"yes","focus_on":"no","breaking":"yes","news_cover":{"id":7875,"url":"https:\/\/sloveniaembassy.orderofmalta.int\/wp-content\/uploads\/sites\/10\/2023\/09\/IMG_1332-1024x683-1.jpg"},"news_content":"<p>Njegova kraljeva visokost princ Emanuele Filiberto Savojski je Fra\u2019 Johnu Dunlapu, knezu in 81. velikemu mojstru Suverenega malte\u0161kega vite\u0161kega reda, podelil ovratnico Vrhovnega reda Presvetega oznanjenja. Slovesnost podelitve je potekala 27. septembra v Magistralni pala\u010di v Rimu.<\/p>\n<p>\u00bbMoj o\u010de Vittorio Emanuele mi je podelil privilegij, da Va\u0161o najvi\u0161jo eminenco sprejmem v Vrhovni red Presvetega oznanjenja in Vas uvrstim med viteze tega starodavnega in zgodovinskega reda,\u00ab je v svojem govoru dejal princ Emanuele Filiberto Savojski.<\/p>\n<p>\u00bbPoslanstvo, ki mi je bilo zaupano,\u00ab je nadaljeval, \u00bbprina\u0161a tudi bratski pozdrav princa Vittoria Emanuela Va\u0161i najvi\u0161ji eminenci, v spomin na zgodovinske in prijateljske odnose, ki so vedno povezovali Savojsko hi\u0161o in Malte\u0161ki red. Poleg osebnih odnosov med Kraljevo hi\u0161o Savojsko, velikimi mojstri in Velikim magisterijem je ta odnos do\u017eivel pomembne trenutke tako v \u010dasu miru kot v \u010dasu vojne. Ko sta bila kralj Umberto II. in kraljica Maria Jos\u00e9 prisiljena zapustiti Italijo, sta prejela popolno diplomatsko podporo Suverenega malte\u0161kega vite\u0161kega reda. To je nekaj, kar moj o\u010de, moja dru\u017eina in jaz vedno ohranjamo v svojem spominu.\u00ab<\/p>\n<p>Veliki mojster je ob tem spomnil na \u00bbstarodavne vezi prijateljstva, ki povezujejo Malte\u0161ki red in Kraljevo hi\u0161o Savojsko\u00ab, ter izrazil prepri\u010danje, da se bodo \u00bb\u017ee zdaj odli\u010dni odnosi med na\u0161ima redovoma v prihodnosti \u0161e dodatno okrepili v duhu na\u0161ih skupnih idealov\u00ab.<\/p>\n<p>Na isti slovesnosti je veliki mojster princu Emanueleju Filibertu Savojskemu, \u010dlanu Malte\u0161kega reda od leta 1997, podelil insignije viteza velikega kri\u017ea \u010dasti in pobo\u017enosti. Prav tako je v Malte\u0161ki red sprejel princeso Clotilde Savojsko.<\/p>\n","news_gallery":"yes","news_gallery_elements":[{"id":7873,"url":"https:\/\/sloveniaembassy.orderofmalta.int\/wp-content\/uploads\/sites\/10\/2023\/09\/IMG_1298-768x1024-1.jpeg"},{"id":7875,"url":"https:\/\/sloveniaembassy.orderofmalta.int\/wp-content\/uploads\/sites\/10\/2023\/09\/IMG_1332-1024x683-1.jpg"}],"news_excerpt":"Podelitev ovratnice Vrhovnega reda Presvetega oznanjenja njegovi najvi\u0161ji eminenci Fra\u2019 Johnu T. Dunlapu, knezu in velikemu mojstru Suverenega malte\u0161kega vite\u0161kega reda","cover_image_copyrighted":false},"news_categories":[],"_links":{"self":[{"href":"https:\/\/sloveniaembassy.orderofmalta.int\/sl\/wp-json\/wp\/v2\/notizie\/7877","targetHints":{"allow":["GET"]}}],"collection":[{"href":"https:\/\/sloveniaembassy.orderofmalta.int\/sl\/wp-json\/wp\/v2\/notizie"}],"about":[{"href":"https:\/\/sloveniaembassy.orderofmalta.int\/sl\/wp-json\/wp\/v2\/types\/news"}],"version-history":[{"count":1,"href":"https:\/\/sloveniaembassy.orderofmalta.int\/sl\/wp-json\/wp\/v2\/notizie\/7877\/revisions"}],"predecessor-version":[{"id":7878,"href":"https:\/\/sloveniaembassy.orderofmalta.int\/sl\/wp-json\/wp\/v2\/notizie\/7877\/revisions\/7878"}],"wp:attachment":[{"href":"https:\/\/sloveniaembassy.orderofmalta.int\/sl\/wp-json\/wp\/v2\/media?parent=7877"}],"curies":[{"name":"wp","href":"https:\/\/api.w.org\/{rel}","templated":true}]}}