{"id":7953,"date":"2023-06-20T18:15:02","date_gmt":"2023-06-20T16:15:02","guid":{"rendered":"https:\/\/sloveniaembassy.orderofmalta.int\/?post_type=news&#038;p=7953"},"modified":"2026-07-31T15:52:46","modified_gmt":"2026-07-31T13:52:46","slug":"sprejem-v-cast-vojvodi-braganskemu","status":"publish","type":"news","link":"https:\/\/sloveniaembassy.orderofmalta.int\/sl\/novice\/sprejem-v-cast-vojvodi-braganskemu\/","title":{"rendered":"Sprejem v \u010dast njegove kraljeve visokosti Duarteja Pia de Bragan\u00e7a, vojvode Bragan\u0161kega"},"featured_media":0,"menu_order":0,"template":"","class_list":["post-7953","news","type-news","status-publish","hentry"],"acf":{"hidden_news":"no","evidence":"yes","focus_on":"no","breaking":"yes","news_cover":{"id":7951,"url":"https:\/\/sloveniaembassy.orderofmalta.int\/wp-content\/uploads\/sites\/10\/2023\/06\/51602602-c9c1-47f7-af89-8d6f890ccd3b-1024x768-1.jpg"},"news_gallery":"yes","news_gallery_elements":[{"id":7949,"url":"https:\/\/sloveniaembassy.orderofmalta.int\/wp-content\/uploads\/sites\/10\/2023\/06\/25403a78-0f10-44f6-a7b5-531735336b12-1024x768-1.jpg"},{"id":7951,"url":"https:\/\/sloveniaembassy.orderofmalta.int\/wp-content\/uploads\/sites\/10\/2023\/06\/51602602-c9c1-47f7-af89-8d6f890ccd3b-1024x768-1.jpg"}],"news_excerpt":"Uradni sprejem v \u010dast njegove kraljeve visokosti Duarteja Pia de Bragan\u00e7a, vojvode Bragan\u0161kega","cover_image_copyrighted":false},"news_categories":[],"_links":{"self":[{"href":"https:\/\/sloveniaembassy.orderofmalta.int\/sl\/wp-json\/wp\/v2\/notizie\/7953","targetHints":{"allow":["GET"]}}],"collection":[{"href":"https:\/\/sloveniaembassy.orderofmalta.int\/sl\/wp-json\/wp\/v2\/notizie"}],"about":[{"href":"https:\/\/sloveniaembassy.orderofmalta.int\/sl\/wp-json\/wp\/v2\/types\/news"}],"version-history":[{"count":1,"href":"https:\/\/sloveniaembassy.orderofmalta.int\/sl\/wp-json\/wp\/v2\/notizie\/7953\/revisions"}],"predecessor-version":[{"id":7954,"href":"https:\/\/sloveniaembassy.orderofmalta.int\/sl\/wp-json\/wp\/v2\/notizie\/7953\/revisions\/7954"}],"wp:attachment":[{"href":"https:\/\/sloveniaembassy.orderofmalta.int\/sl\/wp-json\/wp\/v2\/media?parent=7953"}],"curies":[{"name":"wp","href":"https:\/\/api.w.org\/{rel}","templated":true}]}}