{"id":7962,"date":"2023-06-19T10:00:09","date_gmt":"2023-06-19T08:00:09","guid":{"rendered":"https:\/\/sloveniaembassy.orderofmalta.int\/?post_type=news&#038;p=7962"},"modified":"2026-07-31T15:56:45","modified_gmt":"2026-07-31T13:56:45","slug":"veliki-mojster-se-sreca-s-svetim-ocetom","status":"publish","type":"news","link":"https:\/\/sloveniaembassy.orderofmalta.int\/sl\/novice\/veliki-mojster-se-sreca-s-svetim-ocetom\/","title":{"rendered":"Avdienca svetega o\u010deta z njegovo najvi\u0161jo eminenco, knezom in velikim mojstrom"},"featured_media":0,"menu_order":0,"template":"","class_list":["post-7962","news","type-news","status-publish","hentry"],"acf":{"hidden_news":"no","evidence":"yes","focus_on":"no","breaking":"yes","news_cover":{"id":7960,"url":"https:\/\/sloveniaembassy.orderofmalta.int\/wp-content\/uploads\/sites\/10\/2023\/06\/SIM2263-1-1024x683-1.jpg"},"news_content":"<p><strong>Avdienca velikega mojstra pri svetem o\u010detu<\/strong><\/p>\n<p><strong>Pape\u017e Fran\u010di\u0161ek je kardinala Gianfranca Ghirlanda imenoval za patrona Malte\u0161kega reda<\/strong><\/p>\n<p>Rim, 19. junij 2023 \u2013 Velikega mojstra Suverenega malte\u0161kega vite\u0161kega reda Fra\u2019 Johna Dunlapa je danes zjutraj v Vatikanu v avdienco sprejel pape\u017e Fran\u010di\u0161ek. Sre\u010danje, ki je potekalo le nekaj dni po odpustu svetega o\u010deta iz bolni\u0161nice, je bilo prvo po izvolitvi Fra\u2019 Johna Dunlapa za 81. velikega mojstra Malte\u0161kega reda 3. maja letos.<\/p>\n<p>Avdienca je ponudila prilo\u017enost za pregled najpomembnej\u0161ih zavez in dejavnosti, za\u010den\u0161i s pomo\u010djo beguncem in razseljenim osebam, ki vse bolj predstavljajo osrednji del humanitarnih programov Malte\u0161kega reda. Od Ukrajine do tragedij v Sredozemskem morju \u2013 na katere se je pape\u017e ponovno odzval med nedeljsko molitvijo Angel Gospodov \u2013 je Fra\u2019 John Dunlap predstavil glavne dejavnosti in pobude re\u0161evalnih in prostovoljskih enot Malte\u0161kega reda, zdru\u017eenj in velikih prioratov. Ti so prisotni v 120 dr\u017eavah z mre\u017eo 95.000 prostovoljcev ter 52.000 zdravnikov, medicinskih sester in strokovnjakov za ukrepanje v izrednih razmerah.<\/p>\n<p>Pape\u017e Fran\u010di\u0161ek je z veliko pozornostjo prisluhnil besedam velikega mojstra ter Malte\u0161ki red spodbudil, naj nadaljuje svoje tiso\u010dletno poslanstvo pomo\u010di in dobrodelnosti pri soo\u010danju s \u0161tevilnimi globalnimi izzivi.<\/p>\n<p>Ob koncu pogovora je veliki mojster pape\u017eu podaril srebrno medaljo, ki prikazuje rojstvo 100.000. otroka v bolni\u0161nici Svete dru\u017eine v Betlehemu, ki jo vodi Malte\u0161ki red. Otrok se je rodil januarja letos. Sveti o\u010de mu je v zameno podaril kro\u017enik iz keramike iz Caltagironeja s pape\u0161kim grbom.<\/p>\n<p>Ob koncu avdience je pape\u017e Fran\u010di\u0161ek sprejel tudi Suvereni svet Malte\u0161kega reda ter veleposlanika Malte\u0161kega reda pri Svetem sede\u017eu Antonia Zanardija Landija.<\/p>\n<p>Fra\u2019 John Dunlap in Riccardo Patern\u00f2 di Montecupo sta se sre\u010dala tudi z dr\u017eavnim tajnikom Svetega sede\u017ea, kardinalom Pietrom Parolinom.<\/p>\n<p>Pape\u017e Fran\u010di\u0161ek je istega dne imenoval kardinala Gianfranca Ghirlanda za novega patrona Malte\u0161kega reda. Naloga kardinala patrona je spodbujati duhovne interese Reda in njegovih \u010dlanov ter skrbeti za odnose med Svetim sede\u017eem in Malte\u0161kim redom.<\/p>\n<p style=\"font-weight: 400\">\n","news_gallery":"yes","news_gallery_elements":[{"id":7956,"url":"https:\/\/sloveniaembassy.orderofmalta.int\/wp-content\/uploads\/sites\/10\/2023\/06\/RIS8450-1024x683-1.jpg"},{"id":7958,"url":"https:\/\/sloveniaembassy.orderofmalta.int\/wp-content\/uploads\/sites\/10\/2023\/06\/SIM1742-1024x683-1.jpg"},{"id":7960,"url":"https:\/\/sloveniaembassy.orderofmalta.int\/wp-content\/uploads\/sites\/10\/2023\/06\/SIM2263-1-1024x683-1.jpg"}],"news_excerpt":"Sveti o\u010de sprejme njegovo najvi\u0161jo eminenco, kneza in velikega mojstra, na uradni avdienci","cover_image_copyrighted":false},"news_categories":[],"_links":{"self":[{"href":"https:\/\/sloveniaembassy.orderofmalta.int\/sl\/wp-json\/wp\/v2\/notizie\/7962","targetHints":{"allow":["GET"]}}],"collection":[{"href":"https:\/\/sloveniaembassy.orderofmalta.int\/sl\/wp-json\/wp\/v2\/notizie"}],"about":[{"href":"https:\/\/sloveniaembassy.orderofmalta.int\/sl\/wp-json\/wp\/v2\/types\/news"}],"version-history":[{"count":1,"href":"https:\/\/sloveniaembassy.orderofmalta.int\/sl\/wp-json\/wp\/v2\/notizie\/7962\/revisions"}],"predecessor-version":[{"id":7963,"href":"https:\/\/sloveniaembassy.orderofmalta.int\/sl\/wp-json\/wp\/v2\/notizie\/7962\/revisions\/7963"}],"wp:attachment":[{"href":"https:\/\/sloveniaembassy.orderofmalta.int\/sl\/wp-json\/wp\/v2\/media?parent=7962"}],"curies":[{"name":"wp","href":"https:\/\/api.w.org\/{rel}","templated":true}]}}