{"id":8146,"date":"2023-04-01T16:00:58","date_gmt":"2023-04-01T14:00:58","guid":{"rendered":"https:\/\/sloveniaembassy.orderofmalta.int\/?post_type=news&#038;p=8146"},"modified":"2026-08-11T12:23:54","modified_gmt":"2026-08-11T10:23:54","slug":"vecerna-masa-na-cvetno-nedeljo","status":"publish","type":"news","link":"https:\/\/sloveniaembassy.orderofmalta.int\/sl\/novice\/vecerna-masa-na-cvetno-nedeljo\/","title":{"rendered":"Ve\u010derna ma\u0161a na cvetno nedeljo"},"featured_media":0,"menu_order":0,"template":"","class_list":["post-8146","news","type-news","status-publish","hentry"],"acf":{"hidden_news":"no","evidence":"yes","focus_on":"no","breaking":"yes","news_cover":{"id":8142,"url":"https:\/\/sloveniaembassy.orderofmalta.int\/wp-content\/uploads\/sites\/10\/2023\/04\/B04501E3-8AEB-4B93-953D-4D35FD2192C5.jpeg"},"news_gallery":"yes","news_gallery_elements":[{"id":8130,"url":"https:\/\/sloveniaembassy.orderofmalta.int\/wp-content\/uploads\/sites\/10\/2023\/04\/38E33204-9CC4-4B56-AF35-02EAD844EA1B.jpeg"},{"id":8132,"url":"https:\/\/sloveniaembassy.orderofmalta.int\/wp-content\/uploads\/sites\/10\/2023\/04\/61BF3EF1-13C8-4CC5-9F2D-3E55C0FAB0EB.jpeg"},{"id":8134,"url":"https:\/\/sloveniaembassy.orderofmalta.int\/wp-content\/uploads\/sites\/10\/2023\/04\/071BD2EC-5FDA-49C0-8923-D7F336F05C42.jpeg"},{"id":8136,"url":"https:\/\/sloveniaembassy.orderofmalta.int\/wp-content\/uploads\/sites\/10\/2023\/04\/910E1D17-9B86-4752-A2F2-7DDC43F14480.jpeg"},{"id":8138,"url":"https:\/\/sloveniaembassy.orderofmalta.int\/wp-content\/uploads\/sites\/10\/2023\/04\/927FDF0B-D57C-400C-BEE1-6D566D6EBE24.jpeg"},{"id":8140,"url":"https:\/\/sloveniaembassy.orderofmalta.int\/wp-content\/uploads\/sites\/10\/2023\/04\/47611676-CBB5-44AC-B276-2AB37AF39780.jpeg"},{"id":8142,"url":"https:\/\/sloveniaembassy.orderofmalta.int\/wp-content\/uploads\/sites\/10\/2023\/04\/B04501E3-8AEB-4B93-953D-4D35FD2192C5.jpeg"},{"id":8144,"url":"https:\/\/sloveniaembassy.orderofmalta.int\/wp-content\/uploads\/sites\/10\/2023\/04\/DB75F7E1-CDA7-4DB3-B17E-48A2E718767C.jpeg"}],"news_excerpt":"Ve\u010derna sveta ma\u0161a ob cvetni nedelji in za\u010detku velikega tedna","cover_image_copyrighted":false},"news_categories":[],"_links":{"self":[{"href":"https:\/\/sloveniaembassy.orderofmalta.int\/sl\/wp-json\/wp\/v2\/notizie\/8146","targetHints":{"allow":["GET"]}}],"collection":[{"href":"https:\/\/sloveniaembassy.orderofmalta.int\/sl\/wp-json\/wp\/v2\/notizie"}],"about":[{"href":"https:\/\/sloveniaembassy.orderofmalta.int\/sl\/wp-json\/wp\/v2\/types\/news"}],"version-history":[{"count":1,"href":"https:\/\/sloveniaembassy.orderofmalta.int\/sl\/wp-json\/wp\/v2\/notizie\/8146\/revisions"}],"predecessor-version":[{"id":8147,"href":"https:\/\/sloveniaembassy.orderofmalta.int\/sl\/wp-json\/wp\/v2\/notizie\/8146\/revisions\/8147"}],"wp:attachment":[{"href":"https:\/\/sloveniaembassy.orderofmalta.int\/sl\/wp-json\/wp\/v2\/media?parent=8146"}],"curies":[{"name":"wp","href":"https:\/\/api.w.org\/{rel}","templated":true}]}}