{"id":8204,"date":"2023-02-21T08:30:54","date_gmt":"2023-02-21T06:30:54","guid":{"rendered":"https:\/\/sloveniaembassy.orderofmalta.int\/?post_type=news&#038;p=8204"},"modified":"2026-08-11T12:55:41","modified_gmt":"2026-08-11T10:55:41","slug":"veliki-kriz-casti-in-predanosti-kardinalu-vergezu-alzagi","status":"publish","type":"news","link":"https:\/\/sloveniaembassy.orderofmalta.int\/sl\/novice\/veliki-kriz-casti-in-predanosti-kardinalu-vergezu-alzagi\/","title":{"rendered":"Veliki kri\u017e \u010dasti in predanosti kardinalu V\u00e9rgezu Alzagi"},"featured_media":0,"menu_order":0,"template":"","class_list":["post-8204","news","type-news","status-publish","hentry"],"acf":{"hidden_news":"no","evidence":"yes","focus_on":"no","breaking":"yes","news_cover":{"id":8200,"url":"https:\/\/sloveniaembassy.orderofmalta.int\/wp-content\/uploads\/sites\/10\/2023\/02\/IMG_1155-1024x678-1.jpeg"},"news_gallery":"yes","news_gallery_elements":[{"id":8198,"url":"https:\/\/sloveniaembassy.orderofmalta.int\/wp-content\/uploads\/sites\/10\/2023\/02\/IMG_1154-1024x694-1.jpeg"},{"id":8200,"url":"https:\/\/sloveniaembassy.orderofmalta.int\/wp-content\/uploads\/sites\/10\/2023\/02\/IMG_1155-1024x678-1.jpeg"},{"id":8202,"url":"https:\/\/sloveniaembassy.orderofmalta.int\/wp-content\/uploads\/sites\/10\/2023\/02\/IMG_1156-1024x684-1.jpeg"}],"news_excerpt":"Podelitev Bailiff Velikega kri\u017ea \u010dasti in predanosti kardinalu Fernandu V\u00e9rgezu Alzagi","cover_image_copyrighted":false},"news_categories":[],"_links":{"self":[{"href":"https:\/\/sloveniaembassy.orderofmalta.int\/sl\/wp-json\/wp\/v2\/notizie\/8204","targetHints":{"allow":["GET"]}}],"collection":[{"href":"https:\/\/sloveniaembassy.orderofmalta.int\/sl\/wp-json\/wp\/v2\/notizie"}],"about":[{"href":"https:\/\/sloveniaembassy.orderofmalta.int\/sl\/wp-json\/wp\/v2\/types\/news"}],"version-history":[{"count":1,"href":"https:\/\/sloveniaembassy.orderofmalta.int\/sl\/wp-json\/wp\/v2\/notizie\/8204\/revisions"}],"predecessor-version":[{"id":8205,"href":"https:\/\/sloveniaembassy.orderofmalta.int\/sl\/wp-json\/wp\/v2\/notizie\/8204\/revisions\/8205"}],"wp:attachment":[{"href":"https:\/\/sloveniaembassy.orderofmalta.int\/sl\/wp-json\/wp\/v2\/media?parent=8204"}],"curies":[{"name":"wp","href":"https:\/\/api.w.org\/{rel}","templated":true}]}}