{"id":8217,"date":"2023-02-20T10:30:47","date_gmt":"2023-02-20T08:30:47","guid":{"rendered":"https:\/\/sloveniaembassy.orderofmalta.int\/?post_type=news&#038;p=8217"},"modified":"2026-08-11T13:00:27","modified_gmt":"2026-08-11T11:00:27","slug":"sveti-oce-sprejme-clane-zdruzenja-circolo-san-pietro","status":"publish","type":"news","link":"https:\/\/sloveniaembassy.orderofmalta.int\/sl\/novice\/sveti-oce-sprejme-clane-zdruzenja-circolo-san-pietro\/","title":{"rendered":"Sveti o\u010de sprejme \u010dlane zdru\u017eenja Circolo San Pietro"},"featured_media":0,"menu_order":0,"template":"","class_list":["post-8217","news","type-news","status-publish","hentry"],"acf":{"hidden_news":"no","evidence":"yes","focus_on":"no","breaking":"yes","news_cover":{"id":8207,"url":"https:\/\/sloveniaembassy.orderofmalta.int\/wp-content\/uploads\/sites\/10\/2023\/02\/01568_20022023-1-1024x683-1.jpg"},"news_gallery":"yes","news_gallery_elements":[{"id":8207,"url":"https:\/\/sloveniaembassy.orderofmalta.int\/wp-content\/uploads\/sites\/10\/2023\/02\/01568_20022023-1-1024x683-1.jpg"},{"id":8209,"url":"https:\/\/sloveniaembassy.orderofmalta.int\/wp-content\/uploads\/sites\/10\/2023\/02\/01570_20022023-1024x683-1.jpg"},{"id":8211,"url":"https:\/\/sloveniaembassy.orderofmalta.int\/wp-content\/uploads\/sites\/10\/2023\/02\/01675_20022023-1024x683-1.jpg"},{"id":8213,"url":"https:\/\/sloveniaembassy.orderofmalta.int\/wp-content\/uploads\/sites\/10\/2023\/02\/01679_20022023-1024x683-1.jpg"},{"id":8215,"url":"https:\/\/sloveniaembassy.orderofmalta.int\/wp-content\/uploads\/sites\/10\/2023\/02\/02738_20022023-1024x681-1.jpg"}],"news_excerpt":"Sveti o\u010de sprejme \u010dlane zdru\u017eenja Circolo San Pietro na avdienci v Vatikanu","cover_image_copyrighted":false},"news_categories":[],"_links":{"self":[{"href":"https:\/\/sloveniaembassy.orderofmalta.int\/sl\/wp-json\/wp\/v2\/notizie\/8217","targetHints":{"allow":["GET"]}}],"collection":[{"href":"https:\/\/sloveniaembassy.orderofmalta.int\/sl\/wp-json\/wp\/v2\/notizie"}],"about":[{"href":"https:\/\/sloveniaembassy.orderofmalta.int\/sl\/wp-json\/wp\/v2\/types\/news"}],"version-history":[{"count":1,"href":"https:\/\/sloveniaembassy.orderofmalta.int\/sl\/wp-json\/wp\/v2\/notizie\/8217\/revisions"}],"predecessor-version":[{"id":8218,"href":"https:\/\/sloveniaembassy.orderofmalta.int\/sl\/wp-json\/wp\/v2\/notizie\/8217\/revisions\/8218"}],"wp:attachment":[{"href":"https:\/\/sloveniaembassy.orderofmalta.int\/sl\/wp-json\/wp\/v2\/media?parent=8217"}],"curies":[{"name":"wp","href":"https:\/\/api.w.org\/{rel}","templated":true}]}}