{"id":8232,"date":"2023-01-30T11:00:18","date_gmt":"2023-01-30T09:00:18","guid":{"rendered":"https:\/\/sloveniaembassy.orderofmalta.int\/?post_type=news&#038;p=8232"},"modified":"2026-08-11T13:05:09","modified_gmt":"2026-08-11T11:05:09","slug":"papez-francisek-se-sreca-s-kapitularji","status":"publish","type":"news","link":"https:\/\/sloveniaembassy.orderofmalta.int\/sl\/novice\/papez-francisek-se-sreca-s-kapitularji\/","title":{"rendered":"Pape\u017e Fran\u010di\u0161ek se sre\u010da s kapitularji"},"featured_media":0,"menu_order":0,"template":"","class_list":["post-8232","news","type-news","status-publish","hentry"],"acf":{"hidden_news":"no","evidence":"yes","focus_on":"no","breaking":"yes","news_cover":{"id":8220,"url":"https:\/\/sloveniaembassy.orderofmalta.int\/wp-content\/uploads\/sites\/10\/2023\/01\/02076_30012023-1024x683-1.jpg"},"news_gallery":"yes","news_gallery_elements":[{"id":8220,"url":"https:\/\/sloveniaembassy.orderofmalta.int\/wp-content\/uploads\/sites\/10\/2023\/01\/02076_30012023-1024x683-1.jpg"},{"id":8222,"url":"https:\/\/sloveniaembassy.orderofmalta.int\/wp-content\/uploads\/sites\/10\/2023\/01\/02083_30012023-1024x683-1.jpg"},{"id":8224,"url":"https:\/\/sloveniaembassy.orderofmalta.int\/wp-content\/uploads\/sites\/10\/2023\/01\/IMG_1120-1024x682-1.jpg"},{"id":8226,"url":"https:\/\/sloveniaembassy.orderofmalta.int\/wp-content\/uploads\/sites\/10\/2023\/01\/IMG_1121-1024x683-1.jpg"},{"id":8228,"url":"https:\/\/sloveniaembassy.orderofmalta.int\/wp-content\/uploads\/sites\/10\/2023\/01\/IMG_1122-1024x682-1.jpg"},{"id":8230,"url":"https:\/\/sloveniaembassy.orderofmalta.int\/wp-content\/uploads\/sites\/10\/2023\/01\/IMG_1123-1024x683-1.jpg"}],"news_excerpt":"Pape\u017e Fran\u010di\u0161ek sprejme \u010dlane generalnega kapitlja na uradni avdienci v Vatikanu","cover_image_copyrighted":false},"news_categories":[],"_links":{"self":[{"href":"https:\/\/sloveniaembassy.orderofmalta.int\/sl\/wp-json\/wp\/v2\/notizie\/8232","targetHints":{"allow":["GET"]}}],"collection":[{"href":"https:\/\/sloveniaembassy.orderofmalta.int\/sl\/wp-json\/wp\/v2\/notizie"}],"about":[{"href":"https:\/\/sloveniaembassy.orderofmalta.int\/sl\/wp-json\/wp\/v2\/types\/news"}],"version-history":[{"count":1,"href":"https:\/\/sloveniaembassy.orderofmalta.int\/sl\/wp-json\/wp\/v2\/notizie\/8232\/revisions"}],"predecessor-version":[{"id":8233,"href":"https:\/\/sloveniaembassy.orderofmalta.int\/sl\/wp-json\/wp\/v2\/notizie\/8232\/revisions\/8233"}],"wp:attachment":[{"href":"https:\/\/sloveniaembassy.orderofmalta.int\/sl\/wp-json\/wp\/v2\/media?parent=8232"}],"curies":[{"name":"wp","href":"https:\/\/api.w.org\/{rel}","templated":true}]}}