{"id":8305,"date":"2022-12-13T16:00:45","date_gmt":"2022-12-13T14:00:45","guid":{"rendered":"https:\/\/sloveniaembassy.orderofmalta.int\/?post_type=news&#038;p=8305"},"modified":"2026-08-11T13:37:47","modified_gmt":"2026-08-11T11:37:47","slug":"novoletni-sprejem-za-diplomatski-zbor","status":"publish","type":"news","link":"https:\/\/sloveniaembassy.orderofmalta.int\/sl\/novice\/novoletni-sprejem-za-diplomatski-zbor\/","title":{"rendered":"Novoletni sprejem za diplomatski zbor"},"featured_media":0,"menu_order":0,"template":"","class_list":["post-8305","news","type-news","status-publish","hentry"],"acf":{"hidden_news":"no","evidence":"yes","focus_on":"no","breaking":"yes","news_cover":{"id":8303,"url":"https:\/\/sloveniaembassy.orderofmalta.int\/wp-content\/uploads\/sites\/10\/2022\/12\/IMG_8904-1024x947-1.jpeg"},"news_content":"<p><strong>GOVOR DOAJENA DIPLOMATSKEGA ZBORA, NJ. SV. VISOKOSTI VELEPOSLANIKA PRINCA WINDISCH-GRAETZA<\/strong><\/p>\n<p><em><strong>Diplomatski nagovor Nj. Eksc. Tanji Fajon, podpredsednici vlade in ministrici za zunanje zadeve Republike Slovenije<\/strong><\/em><\/p>\n<p>Spo\u0161tovana gospa podpredsednica vlade in ministrica za zunanje zadeve,<\/p>\n<p>spo\u0161tovani \u010dlani vlade, dragi kolegi iz diplomatskega zbora, dame in gospodje,<\/p>\n<p>ob koncu leta 2022 mi je kot poddoajenu diplomatskega zbora, akreditiranega v Republiki Sloveniji, v \u010dast, da vam, gospa podpredsednica vlade, Vladi Republike Slovenije in prek vas vsem slovenskim dr\u017eavljanom izre\u010dem svoje najbolj\u0161e \u017eelje.<\/p>\n<p>Leto 2022 je bilo za slovenski narod pomembno leto, zaznamovano z izvolitvijo nove predsednice Republike, parlamentarnimi volitvami ter lokalnimi volitvami po vsej dr\u017eavi. Hkrati pa je bilo to leto tragi\u010dno in nevarno zaznamovano s sovra\u017enostmi v Ukrajini, ki nas vse opominjajo na dragocenost miru, ki smo ga dolga leta u\u017eivali, a je lahko zelo hitro postavljen pod vpra\u0161aj.<\/p>\n<p>Brutalni dogodki v Ukrajini pa so imeli tudi povezovalni u\u010dinek na Evropsko unijo in danes \u0161e bolj cenimo njeno mo\u010d ter odpornost ob soo\u010danju s to vojno. Za mnoge, zlasti za mlaj\u0161e generacije, je bila vojna med letoma 1939 in 1945 nekaj, kar je pripadalo preteklosti, vendar je sedanji konflikt tak\u0161no izku\u0161njo ponovno vrnil v na\u0161o kolektivno zavest.<\/p>\n<p>Republika Slovenija je Evropski uniji, zlasti v \u010dasu svojega predsedovanja, pokazala svojo sposobnost u\u010dinkovitega delovanja na \u0161tevilnih in raznolikih diplomatskih podro\u010djih ter prizadevanja za spodbujanje miru skozi dialog, tudi z vidika Balkana.<\/p>\n<p>Diplomatski zbor vam, Va\u0161a Ekscelenca, gospa ministrica za zunanje zadeve, \u010destita za te pobude. Iskanje re\u0161itev v dana\u0161njem napetem in mo\u010dno medsebojno povezanem svetu je zahtevno, zato va\u0161o vlado spodbujamo, naj nadaljuje s temi prizadevanji, ki so pomembna za vse nas, saj se skupaj soo\u010damo s \u0161tevilnimi nevarnostmi, ki bi se \u0161e pred letom dni zdele nepredstavljive.<\/p>\n<p>\u010ce pogledamo v prihodnost, bo leto 2023 za Evropsko unijo leto pomembnih izzivov. Diplomatski zbor pa je prepri\u010dan, da bo Republika Slovenija u\u010dinkovito prispevala k pobudam, ki bodo klju\u010dnega pomena pri prizadevanjih za ponovno vzpostavitev miru na na\u0161i celini.<\/p>\n<p>Dovolite mi, gospa podpredsednica vlade, da ob zaklju\u010dku tega nagovora v imenu diplomatskega zbora prek vas vsem Slovenkam in Slovencem izre\u010dem najbolj\u0161e \u017eelje za uspeh teh prizadevanj v prihajajo\u010dem letu.<\/p>\n<p>Najlep\u0161a hvala.<\/p>\n","news_gallery":"yes","news_gallery_elements":[{"id":8293,"url":"https:\/\/sloveniaembassy.orderofmalta.int\/wp-content\/uploads\/sites\/10\/2022\/12\/14e1a441-35ff-45ae-87a4-f32dfd1c288c.jpg"},{"id":8295,"url":"https:\/\/sloveniaembassy.orderofmalta.int\/wp-content\/uploads\/sites\/10\/2022\/12\/66bccb12-12b0-43a2-b53a-57fccb843e04.jpg"},{"id":8297,"url":"https:\/\/sloveniaembassy.orderofmalta.int\/wp-content\/uploads\/sites\/10\/2022\/12\/84c0cb5c-fd28-4ff7-8b66-4dd1f35d54d9.jpg"},{"id":8299,"url":"https:\/\/sloveniaembassy.orderofmalta.int\/wp-content\/uploads\/sites\/10\/2022\/12\/IMG_0007-768x1024-1.jpeg"},{"id":8301,"url":"https:\/\/sloveniaembassy.orderofmalta.int\/wp-content\/uploads\/sites\/10\/2022\/12\/IMG_0010-768x1024-1.jpeg"},{"id":8303,"url":"https:\/\/sloveniaembassy.orderofmalta.int\/wp-content\/uploads\/sites\/10\/2022\/12\/IMG_8904-1024x947-1.jpeg"}],"news_excerpt":"Novoletni diplomatski sprejem, ki ga je gostila Nj. Eksc. Tanja Fajon, podpredsednica vlade ter ministrica za zunanje in evropske zadeve Republike Slovenije","cover_image_copyrighted":false},"news_categories":[],"_links":{"self":[{"href":"https:\/\/sloveniaembassy.orderofmalta.int\/sl\/wp-json\/wp\/v2\/notizie\/8305","targetHints":{"allow":["GET"]}}],"collection":[{"href":"https:\/\/sloveniaembassy.orderofmalta.int\/sl\/wp-json\/wp\/v2\/notizie"}],"about":[{"href":"https:\/\/sloveniaembassy.orderofmalta.int\/sl\/wp-json\/wp\/v2\/types\/news"}],"version-history":[{"count":1,"href":"https:\/\/sloveniaembassy.orderofmalta.int\/sl\/wp-json\/wp\/v2\/notizie\/8305\/revisions"}],"predecessor-version":[{"id":8306,"href":"https:\/\/sloveniaembassy.orderofmalta.int\/sl\/wp-json\/wp\/v2\/notizie\/8305\/revisions\/8306"}],"wp:attachment":[{"href":"https:\/\/sloveniaembassy.orderofmalta.int\/sl\/wp-json\/wp\/v2\/media?parent=8305"}],"curies":[{"name":"wp","href":"https:\/\/api.w.org\/{rel}","templated":true}]}}