{"id":8324,"date":"2022-12-01T11:30:20","date_gmt":"2022-12-01T09:30:20","guid":{"rendered":"https:\/\/sloveniaembassy.orderofmalta.int\/?post_type=news&#038;p=8324"},"modified":"2026-08-11T13:53:55","modified_gmt":"2026-08-11T11:53:55","slug":"princ-el-hassan-bin-talal-obisce-magistralno-palaco","status":"publish","type":"news","link":"https:\/\/sloveniaembassy.orderofmalta.int\/sl\/novice\/princ-el-hassan-bin-talal-obisce-magistralno-palaco\/","title":{"rendered":"Princ El Hassan bin Talal obi\u0161\u010de Magistralno pala\u010do"},"featured_media":0,"menu_order":0,"template":"","class_list":["post-8324","news","type-news","status-publish","hentry"],"acf":{"hidden_news":"no","evidence":"yes","focus_on":"no","breaking":"yes","news_cover":{"id":8322,"url":"https:\/\/sloveniaembassy.orderofmalta.int\/wp-content\/uploads\/sites\/10\/2022\/12\/BA19F0D7-5CDF-419B-87AD-926915DAFAB9-1024x683-1.jpeg"},"news_gallery":"yes","news_gallery_elements":[{"id":8318,"url":"https:\/\/sloveniaembassy.orderofmalta.int\/wp-content\/uploads\/sites\/10\/2022\/12\/0E7FB5DC-2C50-4FD3-8171-6EAB53153CB0-1024x683-1.jpeg"},{"id":8320,"url":"https:\/\/sloveniaembassy.orderofmalta.int\/wp-content\/uploads\/sites\/10\/2022\/12\/2D5938F0-70BC-4C58-A812-1D76B6045D96-1024x683-1.jpeg"},{"id":8322,"url":"https:\/\/sloveniaembassy.orderofmalta.int\/wp-content\/uploads\/sites\/10\/2022\/12\/BA19F0D7-5CDF-419B-87AD-926915DAFAB9-1024x683-1.jpeg"}],"news_excerpt":"Uradni obisk Nj. Kraljeve Visokosti princa El Hassana bin Talala iz Jordanije v Magistralni pala\u010di v Rimu","cover_image_copyrighted":false},"news_categories":[],"_links":{"self":[{"href":"https:\/\/sloveniaembassy.orderofmalta.int\/sl\/wp-json\/wp\/v2\/notizie\/8324","targetHints":{"allow":["GET"]}}],"collection":[{"href":"https:\/\/sloveniaembassy.orderofmalta.int\/sl\/wp-json\/wp\/v2\/notizie"}],"about":[{"href":"https:\/\/sloveniaembassy.orderofmalta.int\/sl\/wp-json\/wp\/v2\/types\/news"}],"version-history":[{"count":1,"href":"https:\/\/sloveniaembassy.orderofmalta.int\/sl\/wp-json\/wp\/v2\/notizie\/8324\/revisions"}],"predecessor-version":[{"id":8325,"href":"https:\/\/sloveniaembassy.orderofmalta.int\/sl\/wp-json\/wp\/v2\/notizie\/8324\/revisions\/8325"}],"wp:attachment":[{"href":"https:\/\/sloveniaembassy.orderofmalta.int\/sl\/wp-json\/wp\/v2\/media?parent=8324"}],"curies":[{"name":"wp","href":"https:\/\/api.w.org\/{rel}","templated":true}]}}