{"id":8344,"date":"2022-11-29T11:15:00","date_gmt":"2022-11-29T09:15:00","guid":{"rendered":"https:\/\/sloveniaembassy.orderofmalta.int\/?post_type=news&#038;p=8344"},"modified":"2026-08-11T14:03:31","modified_gmt":"2026-08-11T12:03:31","slug":"poverilna-pisma-namestniku-velikega-mojstra","status":"publish","type":"news","link":"https:\/\/sloveniaembassy.orderofmalta.int\/sl\/novice\/poverilna-pisma-namestniku-velikega-mojstra\/","title":{"rendered":"Poverilna pisma namestniku Velikega mojstra"},"featured_media":0,"menu_order":0,"template":"","class_list":["post-8344","news","type-news","status-publish","hentry"],"acf":{"hidden_news":"no","evidence":"yes","focus_on":"no","breaking":"yes","news_cover":{"id":8342,"url":"https:\/\/sloveniaembassy.orderofmalta.int\/wp-content\/uploads\/sites\/10\/2022\/11\/7B97307C-07A8-4018-8155-212F1B145728-1024x718-1.jpeg"},"news_content":"<div class=\"\" data-turn-id-container=\"0902fa28-d618-4d21-b178-4bcc0dd774d6\" data-is-intersecting=\"true\">Namestnik Velikega mojstra, Fra\u2019 John T. Dunlap, je v Magistralni vili na avdienci ob predlo\u017eitvi poverilnih pisem sprejel nove veleposlanike:<\/div>\n<div class=\"\" data-turn-id-container=\"request-6a58df4c-e0e0-83ed-92bd-21c0d968fa62-59\" data-is-intersecting=\"true\">\n<section class=\"text-token-text-primary w-full focus:outline-none has-data-writing-block:pointer-events-none [&amp;:has([data-writing-block])&gt;*]:pointer-events-auto R6Vx5W_threadScrollVars scroll-mb-[calc(var(--scroll-root-safe-area-inset-bottom,0px)+var(--thread-response-height))] scroll-mt-[calc(var(--header-height)+min(200px,max(70px,20svh)))]\" dir=\"auto\" data-turn-id=\"request-6a58df4c-e0e0-83ed-92bd-21c0d968fa62-59\" data-turn-id-container=\"request-6a58df4c-e0e0-83ed-92bd-21c0d968fa62-59\" data-testid=\"conversation-turn-234\" data-turn=\"assistant\">\n<div class=\"text-base my-auto mx-auto [--thread-content-margin:var(--thread-content-margin-xs,calc(var(--spacing)*4))] @w-sm\/main:[--thread-content-margin:var(--thread-content-margin-sm,calc(var(--spacing)*6))] @w-lg\/main:[--thread-content-margin:var(--thread-content-margin-lg,calc(var(--spacing)*16))] px-(--thread-content-margin)\">\n<div class=\"[--thread-content-max-width:40rem] @w-lg\/main:[--thread-content-max-width:48rem] mx-auto max-w-(--thread-content-max-width) flex-1 group\/turn-messages focus-visible:outline-hidden relative flex w-full min-w-0 flex-col agent-turn\" data-conversation-screenshot-content=\"\">\n<div class=\"flex max-w-full flex-col gap-4 grow\">\n<div class=\"min-h-8 text-message relative flex w-full flex-col items-end gap-2 text-start break-words whitespace-normal outline-none keyboard-focused:focus-ring [.text-message+&amp;]:mt-1\" dir=\"auto\" data-message-author-role=\"assistant\" data-message-id=\"a7244998-2968-418c-bb26-1c11bdf48aeb\" data-message-model-slug=\"gpt-5-6-thinking\">\n<div class=\"flex w-full flex-col gap-1 empty:hidden\">\n<div class=\"markdown prose dark:prose-invert wrap-break-word w-full light markdown-new-styling\">\n<p data-start=\"144\" data-end=\"354\" data-is-last-node=\"\" data-is-only-node=\"\">\u2013 Portugalske, Nj. Eksc. Domingosa TEIXEIRA de ABREU FEZAS VITALA<br data-start=\"209\" data-end=\"212\" \/>\u2013 Avstrije, Nj. Eksc. Marcusa BERGMANNA<br data-start=\"251\" data-end=\"254\" \/>\u2013 Ekvadorja, Nj. Eksc. Alicio de Jes\u00fas CRESPO VEGA<br data-start=\"304\" data-end=\"307\" \/>\u2013 Severne Makedonije, Nj. Eksc. Marijo EFREMOVO<\/p>\n<\/div>\n<\/div>\n<\/div>\n<\/div>\n<\/div>\n<\/div>\n<\/section>\n<\/div>\n<p>&nbsp;<\/p>\n","news_gallery":"yes","news_gallery_elements":[{"id":8340,"url":"https:\/\/sloveniaembassy.orderofmalta.int\/wp-content\/uploads\/sites\/10\/2022\/11\/3E1C8BD8-A3FF-46C4-BD09-A755F3B278D5-1024x708-1.jpeg"},{"id":8342,"url":"https:\/\/sloveniaembassy.orderofmalta.int\/wp-content\/uploads\/sites\/10\/2022\/11\/7B97307C-07A8-4018-8155-212F1B145728-1024x718-1.jpeg"}],"news_excerpt":"Predlo\u017eitev poverilnih pisem namestniku Velikega mojstra Suverenega malte\u0161kega vite\u0161kega reda v Magistralni pala\u010di","cover_image_copyrighted":false},"news_categories":[],"_links":{"self":[{"href":"https:\/\/sloveniaembassy.orderofmalta.int\/sl\/wp-json\/wp\/v2\/notizie\/8344","targetHints":{"allow":["GET"]}}],"collection":[{"href":"https:\/\/sloveniaembassy.orderofmalta.int\/sl\/wp-json\/wp\/v2\/notizie"}],"about":[{"href":"https:\/\/sloveniaembassy.orderofmalta.int\/sl\/wp-json\/wp\/v2\/types\/news"}],"version-history":[{"count":1,"href":"https:\/\/sloveniaembassy.orderofmalta.int\/sl\/wp-json\/wp\/v2\/notizie\/8344\/revisions"}],"predecessor-version":[{"id":8345,"href":"https:\/\/sloveniaembassy.orderofmalta.int\/sl\/wp-json\/wp\/v2\/notizie\/8344\/revisions\/8345"}],"wp:attachment":[{"href":"https:\/\/sloveniaembassy.orderofmalta.int\/sl\/wp-json\/wp\/v2\/media?parent=8344"}],"curies":[{"name":"wp","href":"https:\/\/api.w.org\/{rel}","templated":true}]}}