{"id":8401,"date":"2022-11-08T12:30:58","date_gmt":"2022-11-08T10:30:58","guid":{"rendered":"https:\/\/sloveniaembassy.orderofmalta.int\/?post_type=news&#038;p=8401"},"modified":"2026-08-11T14:15:30","modified_gmt":"2026-08-11T12:15:30","slug":"kraljica-margherita-in-princ-radu-obisceta-magistralno-palaco","status":"publish","type":"news","link":"https:\/\/sloveniaembassy.orderofmalta.int\/sl\/novice\/kraljica-margherita-in-princ-radu-obisceta-magistralno-palaco\/","title":{"rendered":"Kraljica Margherita in princ Radu obi\u0161\u010deta Magistralno pala\u010do"},"featured_media":0,"menu_order":0,"template":"","class_list":["post-8401","news","type-news","status-publish","hentry"],"acf":{"hidden_news":"no","evidence":"yes","focus_on":"no","breaking":"yes","news_cover":{"id":8399,"url":"https:\/\/sloveniaembassy.orderofmalta.int\/wp-content\/uploads\/sites\/10\/2022\/11\/B2C84456-DF8B-45A6-A303-9B7AB108E20C-1024x683-1.jpeg"},"news_gallery":"yes","news_gallery_elements":[{"id":8397,"url":"https:\/\/sloveniaembassy.orderofmalta.int\/wp-content\/uploads\/sites\/10\/2022\/11\/083F879C-5660-4FD7-831D-8048A26EBA2E-1024x683-1.jpeg"},{"id":8399,"url":"https:\/\/sloveniaembassy.orderofmalta.int\/wp-content\/uploads\/sites\/10\/2022\/11\/B2C84456-DF8B-45A6-A303-9B7AB108E20C-1024x683-1.jpeg"}],"news_excerpt":"Nj. Veli\u010danstvo kraljica Margherita in princ Radu iz Romunije sprejeta na uradnem obisku v Magistralni pala\u010di","cover_image_copyrighted":false},"news_categories":[],"_links":{"self":[{"href":"https:\/\/sloveniaembassy.orderofmalta.int\/sl\/wp-json\/wp\/v2\/notizie\/8401","targetHints":{"allow":["GET"]}}],"collection":[{"href":"https:\/\/sloveniaembassy.orderofmalta.int\/sl\/wp-json\/wp\/v2\/notizie"}],"about":[{"href":"https:\/\/sloveniaembassy.orderofmalta.int\/sl\/wp-json\/wp\/v2\/types\/news"}],"version-history":[{"count":1,"href":"https:\/\/sloveniaembassy.orderofmalta.int\/sl\/wp-json\/wp\/v2\/notizie\/8401\/revisions"}],"predecessor-version":[{"id":8402,"href":"https:\/\/sloveniaembassy.orderofmalta.int\/sl\/wp-json\/wp\/v2\/notizie\/8401\/revisions\/8402"}],"wp:attachment":[{"href":"https:\/\/sloveniaembassy.orderofmalta.int\/sl\/wp-json\/wp\/v2\/media?parent=8401"}],"curies":[{"name":"wp","href":"https:\/\/api.w.org\/{rel}","templated":true}]}}