{"id":8471,"date":"2022-10-04T11:00:05","date_gmt":"2022-10-04T09:00:05","guid":{"rendered":"https:\/\/sloveniaembassy.orderofmalta.int\/?post_type=news&#038;p=8471"},"modified":"2026-08-11T14:34:34","modified_gmt":"2026-08-11T12:34:34","slug":"princ-windisch-graetz-ob-predlozitvi-poverilnih-pisem","status":"publish","type":"news","link":"https:\/\/sloveniaembassy.orderofmalta.int\/sl\/novice\/princ-windisch-graetz-ob-predlozitvi-poverilnih-pisem\/","title":{"rendered":"Princ Windisch-Graetz ob predlo\u017eitvi poverilnih pisem"},"featured_media":0,"menu_order":0,"template":"","class_list":["post-8471","news","type-news","status-publish","hentry"],"acf":{"hidden_news":"no","evidence":"yes","focus_on":"no","breaking":"yes","news_cover":{"id":8469,"url":"https:\/\/sloveniaembassy.orderofmalta.int\/wp-content\/uploads\/sites\/10\/2022\/10\/Schermata-2022-10-05-alle-17.09.21-1024x762-1.png"},"news_gallery":"yes","news_gallery_elements":[{"id":8469,"url":"https:\/\/sloveniaembassy.orderofmalta.int\/wp-content\/uploads\/sites\/10\/2022\/10\/Schermata-2022-10-05-alle-17.09.21-1024x762-1.png"}],"news_excerpt":"Nj. Svetlost veleposlanik princ Windisch-Graetz, \u010dlan Suverenega sveta, se udele\u017ei slovesnosti ob predlo\u017eitvi diplomatskih poverilnih pisem","cover_image_copyrighted":false},"news_categories":[],"_links":{"self":[{"href":"https:\/\/sloveniaembassy.orderofmalta.int\/sl\/wp-json\/wp\/v2\/notizie\/8471","targetHints":{"allow":["GET"]}}],"collection":[{"href":"https:\/\/sloveniaembassy.orderofmalta.int\/sl\/wp-json\/wp\/v2\/notizie"}],"about":[{"href":"https:\/\/sloveniaembassy.orderofmalta.int\/sl\/wp-json\/wp\/v2\/types\/news"}],"version-history":[{"count":1,"href":"https:\/\/sloveniaembassy.orderofmalta.int\/sl\/wp-json\/wp\/v2\/notizie\/8471\/revisions"}],"predecessor-version":[{"id":8472,"href":"https:\/\/sloveniaembassy.orderofmalta.int\/sl\/wp-json\/wp\/v2\/notizie\/8471\/revisions\/8472"}],"wp:attachment":[{"href":"https:\/\/sloveniaembassy.orderofmalta.int\/sl\/wp-json\/wp\/v2\/media?parent=8471"}],"curies":[{"name":"wp","href":"https:\/\/api.w.org\/{rel}","templated":true}]}}