{"id":8476,"date":"2022-09-23T10:00:47","date_gmt":"2022-09-23T08:00:47","guid":{"rendered":"https:\/\/sloveniaembassy.orderofmalta.int\/?post_type=news&#038;p=8476"},"modified":"2026-08-11T14:37:39","modified_gmt":"2026-08-11T12:37:39","slug":"suvereni-svet","status":"publish","type":"news","link":"https:\/\/sloveniaembassy.orderofmalta.int\/sl\/novice\/suvereni-svet\/","title":{"rendered":"Suvereni svet"},"featured_media":0,"menu_order":0,"template":"","class_list":["post-8476","news","type-news","status-publish","hentry"],"acf":{"hidden_news":"no","evidence":"yes","focus_on":"no","breaking":"yes","news_cover":{"id":8474,"url":"https:\/\/sloveniaembassy.orderofmalta.int\/wp-content\/uploads\/sites\/10\/2022\/09\/B8DBDE19-1EBE-4A3F-931D-96392A5B1F57-1024x671-1.jpeg"},"news_content":"<p>Nj. Eksc. namestnik Velikega mojstra Fra\u2019 John Dunlap<br \/>\nNj. Eksc. Fra\u2019 Emmanuel ROUSSEAU, Veliki komtur<br \/>\nNj. Eksc. prof. Don Riccardo PATERN\u00d2, grof MONTECUPO, iz vojvodske rodbine SAN NICOLA, Veliki kancler<br \/>\nNj. Eksc. Fra\u2019 Alessandro de FRANCISCIS, Veliki hospitaler<br \/>\nNj. Eksc. Don Fabrizio COLONNA iz rodbine knezov PALIANO, prejemnik Skupne zakladnice<br \/>\nNj. Eksc. komendator Fra\u2019 Roberto VIAZZO, \u010dlan Suverenega sveta<br \/>\nNj. Eksc. Fra\u2019 Richard J. WOLFF, \u010dlan Suverenega sveta<br \/>\nNj. Eksc. Fra\u2019 John EIDINOW, \u010dlan Suverenega sveta<br \/>\nNj. Eksc. Fra\u2019 Mathieu DUPONT, \u010dlan Suverenega sveta<br \/>\nNj. Eksc. Fra\u2019 Jo\u00e3o Augusto ESQU\u00cdVEL FREIRE de ANDRADE, \u010dlan Suverenega sveta<br \/>\nNj. Eksc. veleposlanik plemi\u010d Antonio ZANARDI LANDI, grof VEANO, \u010dlan Suverenega sveta<br \/>\nNj. Svetlost veleposlanik princ Mariano Hugo WINDISCH-GRAETZ, \u010dlan Suverenega sveta<br \/>\nNj. Eksc. Michael K. GRACE, \u010dlan Suverenega sveta<br \/>\nNj. Eksc. Francis Joseph McCARTHY, \u010dlan Suverenega sveta<\/p>\n","news_gallery":"yes","news_gallery_elements":[{"id":8474,"url":"https:\/\/sloveniaembassy.orderofmalta.int\/wp-content\/uploads\/sites\/10\/2022\/09\/B8DBDE19-1EBE-4A3F-931D-96392A5B1F57-1024x671-1.jpeg"}],"news_excerpt":"Suvereni svet Suverenega malte\u0161kega vite\u0161kega reda","cover_image_copyrighted":false},"news_categories":[],"_links":{"self":[{"href":"https:\/\/sloveniaembassy.orderofmalta.int\/sl\/wp-json\/wp\/v2\/notizie\/8476","targetHints":{"allow":["GET"]}}],"collection":[{"href":"https:\/\/sloveniaembassy.orderofmalta.int\/sl\/wp-json\/wp\/v2\/notizie"}],"about":[{"href":"https:\/\/sloveniaembassy.orderofmalta.int\/sl\/wp-json\/wp\/v2\/types\/news"}],"version-history":[{"count":1,"href":"https:\/\/sloveniaembassy.orderofmalta.int\/sl\/wp-json\/wp\/v2\/notizie\/8476\/revisions"}],"predecessor-version":[{"id":8477,"href":"https:\/\/sloveniaembassy.orderofmalta.int\/sl\/wp-json\/wp\/v2\/notizie\/8476\/revisions\/8477"}],"wp:attachment":[{"href":"https:\/\/sloveniaembassy.orderofmalta.int\/sl\/wp-json\/wp\/v2\/media?parent=8476"}],"curies":[{"name":"wp","href":"https:\/\/api.w.org\/{rel}","templated":true}]}}