{"id":8491,"date":"2022-09-17T10:30:03","date_gmt":"2022-09-17T08:30:03","guid":{"rendered":"https:\/\/sloveniaembassy.orderofmalta.int\/?post_type=news&#038;p=8491"},"modified":"2026-08-11T14:41:28","modified_gmt":"2026-08-11T12:41:28","slug":"sveti-oce-sprejme-predsednika-slonokoscene-obale","status":"publish","type":"news","link":"https:\/\/sloveniaembassy.orderofmalta.int\/sl\/novice\/sveti-oce-sprejme-predsednika-slonokoscene-obale\/","title":{"rendered":"Sveti o\u010de sprejme predsednika Slonoko\u0161\u010dene obale"},"featured_media":0,"menu_order":0,"template":"","class_list":["post-8491","news","type-news","status-publish","hentry"],"acf":{"hidden_news":"no","evidence":"yes","focus_on":"no","breaking":"yes","news_cover":{"id":8483,"url":"https:\/\/sloveniaembassy.orderofmalta.int\/wp-content\/uploads\/sites\/10\/2022\/09\/6948F9D6-D940-4D38-817D-557E2C6298E2-1024x683-1.jpeg"},"news_gallery":"yes","news_gallery_elements":[{"id":8479,"url":"https:\/\/sloveniaembassy.orderofmalta.int\/wp-content\/uploads\/sites\/10\/2022\/09\/3D7D099E-74A8-4654-B815-DF473471631E-1024x683-1.jpeg"},{"id":8481,"url":"https:\/\/sloveniaembassy.orderofmalta.int\/wp-content\/uploads\/sites\/10\/2022\/09\/3E010769-F666-40D8-A8FF-5517C53ADB03-1024x683-1.jpeg"},{"id":8483,"url":"https:\/\/sloveniaembassy.orderofmalta.int\/wp-content\/uploads\/sites\/10\/2022\/09\/6948F9D6-D940-4D38-817D-557E2C6298E2-1024x683-1.jpeg"},{"id":8485,"url":"https:\/\/sloveniaembassy.orderofmalta.int\/wp-content\/uploads\/sites\/10\/2022\/09\/96817AB4-3647-4E0B-B32F-5FE065587790-1024x683-1.jpeg"},{"id":8487,"url":"https:\/\/sloveniaembassy.orderofmalta.int\/wp-content\/uploads\/sites\/10\/2022\/09\/C0EFF1F1-E265-47B2-B21F-250BC9693A1D-1024x683-1.jpeg"},{"id":8489,"url":"https:\/\/sloveniaembassy.orderofmalta.int\/wp-content\/uploads\/sites\/10\/2022\/09\/FB1064D9-7FD0-4C89-8B5C-BA54DBB105C8-1024x683-1.jpeg"}],"news_excerpt":"Sveti o\u010de sprejme predsednika Republike Slonoko\u0161\u010dene obale na uradni avdienci v Vatikanu","cover_image_copyrighted":false},"news_categories":[],"_links":{"self":[{"href":"https:\/\/sloveniaembassy.orderofmalta.int\/sl\/wp-json\/wp\/v2\/notizie\/8491","targetHints":{"allow":["GET"]}}],"collection":[{"href":"https:\/\/sloveniaembassy.orderofmalta.int\/sl\/wp-json\/wp\/v2\/notizie"}],"about":[{"href":"https:\/\/sloveniaembassy.orderofmalta.int\/sl\/wp-json\/wp\/v2\/types\/news"}],"version-history":[{"count":1,"href":"https:\/\/sloveniaembassy.orderofmalta.int\/sl\/wp-json\/wp\/v2\/notizie\/8491\/revisions"}],"predecessor-version":[{"id":8492,"href":"https:\/\/sloveniaembassy.orderofmalta.int\/sl\/wp-json\/wp\/v2\/notizie\/8491\/revisions\/8492"}],"wp:attachment":[{"href":"https:\/\/sloveniaembassy.orderofmalta.int\/sl\/wp-json\/wp\/v2\/media?parent=8491"}],"curies":[{"name":"wp","href":"https:\/\/api.w.org\/{rel}","templated":true}]}}