{"id":8524,"date":"2022-09-03T17:00:02","date_gmt":"2022-09-03T15:00:02","guid":{"rendered":"https:\/\/sloveniaembassy.orderofmalta.int\/?post_type=news&#038;p=8524"},"modified":"2026-08-11T14:51:34","modified_gmt":"2026-08-11T12:51:34","slug":"princ-windisch-graetz-postane-clan-suverenega-sveta","status":"publish","type":"news","link":"https:\/\/sloveniaembassy.orderofmalta.int\/sl\/novice\/princ-windisch-graetz-postane-clan-suverenega-sveta\/","title":{"rendered":"Princ Windisch-Graetz postane \u010dlan Suverenega sveta"},"featured_media":0,"menu_order":0,"template":"","class_list":["post-8524","news","type-news","status-publish","hentry"],"acf":{"hidden_news":"no","evidence":"yes","focus_on":"no","breaking":"yes","news_cover":{"id":8514,"url":"https:\/\/sloveniaembassy.orderofmalta.int\/wp-content\/uploads\/sites\/10\/2022\/09\/14ddfa5f-e1a6-4225-9b7a-e26114dedc7c-576x1024-1.jpg"},"news_gallery":"yes","news_gallery_elements":[{"id":8512,"url":"https:\/\/sloveniaembassy.orderofmalta.int\/wp-content\/uploads\/sites\/10\/2022\/09\/8d9454c4-b2f4-4732-86ea-47425a6eed60-576x1024-1.jpg"},{"id":8514,"url":"https:\/\/sloveniaembassy.orderofmalta.int\/wp-content\/uploads\/sites\/10\/2022\/09\/14ddfa5f-e1a6-4225-9b7a-e26114dedc7c-576x1024-1.jpg"},{"id":8516,"url":"https:\/\/sloveniaembassy.orderofmalta.int\/wp-content\/uploads\/sites\/10\/2022\/09\/410e5982-2c9f-4e6f-974b-0a391905a024-576x1024-1.jpg"},{"id":8518,"url":"https:\/\/sloveniaembassy.orderofmalta.int\/wp-content\/uploads\/sites\/10\/2022\/09\/d177ee27-ef71-4654-b299-b10860224911-576x1024-1.jpg"},{"id":8520,"url":"https:\/\/sloveniaembassy.orderofmalta.int\/wp-content\/uploads\/sites\/10\/2022\/09\/DECRETO-DEL-PAPA-B0643-XX.01_Pagina_1-724x1024-1.jpg"},{"id":8522,"url":"https:\/\/sloveniaembassy.orderofmalta.int\/wp-content\/uploads\/sites\/10\/2022\/09\/DECRETO-DEL-PAPA-B0643-XX.01_Pagina_2-724x1024-1.jpg"}],"news_excerpt":"Slovesnost prisege Nj. Svetlosti princa Windisch-Graetza kot \u010dlana Suverenega sveta Suverenega malte\u0161kega vite\u0161kega reda","cover_image_copyrighted":false},"news_categories":[],"_links":{"self":[{"href":"https:\/\/sloveniaembassy.orderofmalta.int\/sl\/wp-json\/wp\/v2\/notizie\/8524","targetHints":{"allow":["GET"]}}],"collection":[{"href":"https:\/\/sloveniaembassy.orderofmalta.int\/sl\/wp-json\/wp\/v2\/notizie"}],"about":[{"href":"https:\/\/sloveniaembassy.orderofmalta.int\/sl\/wp-json\/wp\/v2\/types\/news"}],"version-history":[{"count":1,"href":"https:\/\/sloveniaembassy.orderofmalta.int\/sl\/wp-json\/wp\/v2\/notizie\/8524\/revisions"}],"predecessor-version":[{"id":8525,"href":"https:\/\/sloveniaembassy.orderofmalta.int\/sl\/wp-json\/wp\/v2\/notizie\/8524\/revisions\/8525"}],"wp:attachment":[{"href":"https:\/\/sloveniaembassy.orderofmalta.int\/sl\/wp-json\/wp\/v2\/media?parent=8524"}],"curies":[{"name":"wp","href":"https:\/\/api.w.org\/{rel}","templated":true}]}}