{"id":8578,"date":"2022-06-23T10:00:03","date_gmt":"2022-06-23T08:00:03","guid":{"rendered":"https:\/\/sloveniaembassy.orderofmalta.int\/?post_type=news&#038;p=8578"},"modified":"2026-08-11T15:10:08","modified_gmt":"2026-08-11T13:10:08","slug":"papez-francisek-sprejme-namestnika-velikega-mojstra","status":"publish","type":"news","link":"https:\/\/sloveniaembassy.orderofmalta.int\/sl\/novice\/papez-francisek-sprejme-namestnika-velikega-mojstra\/","title":{"rendered":"Pape\u017e Fran\u010di\u0161ek sprejme namestnika Velikega mojstra"},"featured_media":0,"menu_order":0,"template":"","class_list":["post-8578","news","type-news","status-publish","hentry"],"acf":{"hidden_news":"no","evidence":"yes","focus_on":"no","breaking":"yes","news_cover":{"id":8576,"url":"https:\/\/sloveniaembassy.orderofmalta.int\/wp-content\/uploads\/sites\/10\/2022\/06\/image.jpeg"},"news_content":"<h2>Fra\u2019 John Dunlap je predstavil glavne zaveze Malte\u0161kega reda po svetu<\/h2>\n<p>Namestnika Velikega mojstra Suverenega malte\u0161kega vite\u0161kega reda, Fra\u2019 Johna Dunlapa, je danes dopoldne v Vatikanu na avdienci sprejel pape\u017e Fran\u010di\u0161ek. Sre\u010danje je v skladu s tradicijo potekalo na predve\u010der praznika sv. Janeza Krstnika, zavetnika Malte\u0161kega reda.<\/p>\n<p>Sre\u010danje, ki je potekalo v zelo prisr\u010dnem vzdu\u0161ju, je bilo prilo\u017enost, da se svetemu o\u010detu predstavijo glavne dejavnosti Malte\u0161kega reda na duhovnem, humanitarnem in diplomatskem podro\u010dju v preteklem letu.<\/p>\n<p>V ospredju so bili ukrepi za pomo\u010d tiso\u010dim ukrajinskim beguncem, ki so zaradi vojne zapustili svoje domove. Pomo\u010d vklju\u010duje zdravstveno in socialno oskrbo, razdeljevanje obrokov in zdravil ter osnovnih potreb\u0161\u010din, prevozne in spremljevalne storitve ter sprejemne to\u010dke na razli\u010dnih lokacijah v Ukrajini in sosednjih dr\u017eavah.<\/p>\n<p>Pape\u017e Fran\u010di\u0161ek je pozorno prisluhnil in Red spodbudil, naj nadaljuje svojo zavzetost za pomo\u010d \u017ertvam vojne in \u0161tevilnih konfliktov, ki pretresajo svet. Pogovor je zajemal tudi zdravstvene in socialne dejavnosti Reda na Bli\u017enjem vzhodu.<\/p>\n<p>Med pogovori so obravnavali tudi ustavno reformo Reda. Pape\u017e je namestnika Velikega mojstra spodbudil, naj si prizadeva za \u010dim \u0161ir\u0161e soglasje glede sprememb, ki naj bi Malte\u0161ki red okrepile in povezale.<\/p>\n<p>Fra\u2019 John Dunlap je svetemu o\u010detu podaril srebrno medaljo, ki jo je Malte\u0161ki red posvetil svojemu delovanju v Ukrajini. Na medalji so upodobljeni razseljeni ljudje, v ozadju pa ena izmed to\u010dk za pomo\u010d, ki jih ob mejah vodijo prostovoljci Malte\u0161kega reda. Pape\u017e Fran\u010di\u0161ek je dejal, da ga je darilo globoko ganilo, in je namestniku Velikega mojstra v zameno podaril zbirko svojih okro\u017enic ter bronasto delo, ki prikazuje sv. Martina, kako bera\u010du podarja svoj pla\u0161\u010d.<\/p>\n<p>Ob koncu avdience je pape\u017e Fran\u010di\u0161ek sprejel \u010dlane Suverenega sveta in veleposlanika Malte\u0161kega reda pri Svetem sede\u017eu Antonia Zanardija Landija.<\/p>\n<p>Pred avdienco pri pape\u017eu Fran\u010di\u0161ku se je Fra\u2019 John Dunlap pogovarjal tudi s kardinalom dr\u017eavnim tajnikom Pietrom Parolinom.<\/p>\n","news_gallery":"yes","news_gallery_elements":[{"id":8568,"url":"https:\/\/sloveniaembassy.orderofmalta.int\/wp-content\/uploads\/sites\/10\/2022\/06\/0A81B590-992C-4995-803E-A38519209BCA-1024x683-1.jpeg"},{"id":8570,"url":"https:\/\/sloveniaembassy.orderofmalta.int\/wp-content\/uploads\/sites\/10\/2022\/06\/13022E98-C916-41B1-943C-2082C7E7FB75-1024x683-1.jpeg"},{"id":8572,"url":"https:\/\/sloveniaembassy.orderofmalta.int\/wp-content\/uploads\/sites\/10\/2022\/06\/image-1-1024x683-1.jpeg"},{"id":8574,"url":"https:\/\/sloveniaembassy.orderofmalta.int\/wp-content\/uploads\/sites\/10\/2022\/06\/image-2-1024x683-1.jpeg"},{"id":8576,"url":"https:\/\/sloveniaembassy.orderofmalta.int\/wp-content\/uploads\/sites\/10\/2022\/06\/image.jpeg"}],"news_excerpt":"Pape\u017e Fran\u010di\u0161ek sprejme namestnika Velikega mojstra na uradni avdienci v Vatikanu","cover_image_copyrighted":false},"news_categories":[],"_links":{"self":[{"href":"https:\/\/sloveniaembassy.orderofmalta.int\/sl\/wp-json\/wp\/v2\/notizie\/8578","targetHints":{"allow":["GET"]}}],"collection":[{"href":"https:\/\/sloveniaembassy.orderofmalta.int\/sl\/wp-json\/wp\/v2\/notizie"}],"about":[{"href":"https:\/\/sloveniaembassy.orderofmalta.int\/sl\/wp-json\/wp\/v2\/types\/news"}],"version-history":[{"count":1,"href":"https:\/\/sloveniaembassy.orderofmalta.int\/sl\/wp-json\/wp\/v2\/notizie\/8578\/revisions"}],"predecessor-version":[{"id":8579,"href":"https:\/\/sloveniaembassy.orderofmalta.int\/sl\/wp-json\/wp\/v2\/notizie\/8578\/revisions\/8579"}],"wp:attachment":[{"href":"https:\/\/sloveniaembassy.orderofmalta.int\/sl\/wp-json\/wp\/v2\/media?parent=8578"}],"curies":[{"name":"wp","href":"https:\/\/api.w.org\/{rel}","templated":true}]}}