{"id":8583,"date":"2022-06-14T09:25:54","date_gmt":"2022-06-14T07:25:54","guid":{"rendered":"https:\/\/sloveniaembassy.orderofmalta.int\/?post_type=news&#038;p=8583"},"modified":"2026-08-11T15:14:32","modified_gmt":"2026-08-11T13:14:32","slug":"fra-john-t-dunlap-novi-namestnik-velikega-mojstra","status":"publish","type":"news","link":"https:\/\/sloveniaembassy.orderofmalta.int\/sl\/novice\/fra-john-t-dunlap-novi-namestnik-velikega-mojstra\/","title":{"rendered":"Fra\u2019 John T. Dunlap, novi namestnik Velikega mojstra"},"featured_media":0,"menu_order":0,"template":"","class_list":["post-8583","news","type-news","status-publish","hentry"],"acf":{"hidden_news":"no","evidence":"yes","focus_on":"no","breaking":"yes","news_cover":{"id":8581,"url":"https:\/\/sloveniaembassy.orderofmalta.int\/wp-content\/uploads\/sites\/10\/2022\/06\/RC14062022-121-800x470-1.jpg"},"news_content":"<p>Fra\u2019 John T. Dunlap, \u010dlan Suverenega sveta, je bil danes zjutraj s strani pape\u017ea Fran\u010di\u0161ka imenovan za namestnika Velikega mojstra Suverenega malte\u0161kega vite\u0161kega reda.<\/p>\n<p>Fra\u2019 John T. Dunlap je nasledil Fra\u2019 Marca Luzzaga, ki je umrl 7. junija.<\/p>\n<p>Pape\u017e Fran\u010di\u0161ek je v pismu o imenovanju zapisal, da \u00bbnenadna smrt namestnika Velikega mojstra Fra\u2019 Marca Luzzaga, le nekaj mesecev pred zasedanjem izrednega generalnega kapitlja, Malte\u0161ki red postavlja pred nov trenutek negotovosti in zaskrbljenosti\u00ab.<\/p>\n<p>Odlo\u010ditev pape\u017ea Fran\u010di\u0161ka bo Malte\u0161kemu redu omogo\u010dila pospe\u0161itev procesa reform ter \u010dimprej\u0161njo vrnitev k rednemu upravljanju pod vodstvom Velikega mojstra. Malte\u0161ki red je svetemu o\u010detu hvale\u017een za njegovo o\u010detovsko skrb.<\/p>\n<p>Fra\u2019 John T. Dunlap bo prisegel 14. junija v cerkvi Santa Maria in Aventino pred kardinalom Silvanom Mario Tomasijem in Suverenim svetom Malte\u0161kega reda, po slovesnem pogrebu Fra\u2019 Marca Luzzaga.<\/p>\n<p>Novi namestnik Velikega mojstra bo skupaj s posebnim pape\u017eevim delegatom in Suverenim svetom nadaljeval proces ustavne reforme Suverenega malte\u0161kega vite\u0161kega reda.<\/p>\n<hr \/>\n<p>Fra\u2019 John T. Dunlap se je rodil leta 1957 v Ottawi v Kanadi. Po \u0161tudiju na Univerzi v Nici je diplomiral na Univerzi v Ottawi, nato pa pridobil naziv doktorja prava na Univerzi Western Ontario. Univerza John Cabot v Rimu mu je podelila \u010dastni doktorat za javno slu\u017eenje.<\/p>\n<p>Fra\u2019 John Dunlap je odvetnik, vpisan v Odvetni\u0161ko zbornico zvezne dr\u017eave New York, ter barrister in solicitor pri odvetni\u0161ki zbornici province Ontario. Leta 1986 se je pridru\u017eil odvetni\u0161ki dru\u017ebi Dunnington, Bartholow &amp; Miller v New Yorku, kjer je leta 1993 postal partner. Specializiral se je za korporacijsko in imigracijsko pravo. Kot mednarodno priznan pravnik je od leta 1997 pravni svetovalec Stalne opazovalne misije Svetega sede\u017ea pri Zdru\u017eenih narodih.<\/p>\n<p>V Malte\u0161ki red je bil sprejet leta 1996, leta 2004 pa je kot vitez pravi\u010dnosti izrekel za\u010dasne zaobljube. Leta 2006 je bil izvoljen za prvega regenta oziroma redovnega predstojnika podpriorata Na\u0161e Gospe Lur\u0161ke s sede\u017eem v New Yorku. 7. junija 2008 je kot prvi ameri\u0161ki \u010dlan izrekel slovesne zaobljube.<\/p>\n<p>Leta 2009 je bil Dunlap izvoljen za \u010dlana Suverenega sveta za petletni mandat. Generalni kapitelj, volilni organ Reda, ga je nato ponovno izvolil za nadaljnja petletna mandata leta 2014 in 2019.<\/p>\n<p>Ve\u010d kot desetletje je slu\u017eil Malte\u0161kemu redu kot predsednik Odbora za za\u0161\u010dito imen in emblemov ter kot predstavnik pri Zvezi redov svetega Janeza.<\/p>\n","news_gallery":"yes","news_gallery_elements":[{"id":8581,"url":"https:\/\/sloveniaembassy.orderofmalta.int\/wp-content\/uploads\/sites\/10\/2022\/06\/RC14062022-121-800x470-1.jpg"}],"news_excerpt":"Nj. Eksc. Fra\u2019 John T. Dunlap imenovan za novega namestnika Velikega mojstra Suverenega malte\u0161kega vite\u0161kega reda","cover_image_copyrighted":false},"news_categories":[],"_links":{"self":[{"href":"https:\/\/sloveniaembassy.orderofmalta.int\/sl\/wp-json\/wp\/v2\/notizie\/8583","targetHints":{"allow":["GET"]}}],"collection":[{"href":"https:\/\/sloveniaembassy.orderofmalta.int\/sl\/wp-json\/wp\/v2\/notizie"}],"about":[{"href":"https:\/\/sloveniaembassy.orderofmalta.int\/sl\/wp-json\/wp\/v2\/types\/news"}],"version-history":[{"count":1,"href":"https:\/\/sloveniaembassy.orderofmalta.int\/sl\/wp-json\/wp\/v2\/notizie\/8583\/revisions"}],"predecessor-version":[{"id":8584,"href":"https:\/\/sloveniaembassy.orderofmalta.int\/sl\/wp-json\/wp\/v2\/notizie\/8583\/revisions\/8584"}],"wp:attachment":[{"href":"https:\/\/sloveniaembassy.orderofmalta.int\/sl\/wp-json\/wp\/v2\/media?parent=8583"}],"curies":[{"name":"wp","href":"https:\/\/api.w.org\/{rel}","templated":true}]}}