{"id":8637,"date":"2022-04-21T11:00:58","date_gmt":"2022-04-21T09:00:58","guid":{"rendered":"https:\/\/sloveniaembassy.orderofmalta.int\/?post_type=news&#038;p=8637"},"modified":"2026-08-11T15:33:05","modified_gmt":"2026-08-11T13:33:05","slug":"papez-francisek-sprejme-madzarskega-predsednika-vlade","status":"publish","type":"news","link":"https:\/\/sloveniaembassy.orderofmalta.int\/sl\/novice\/papez-francisek-sprejme-madzarskega-predsednika-vlade\/","title":{"rendered":"Pape\u017e Fran\u010di\u0161ek sprejme mad\u017earskega predsednika vlade"},"featured_media":0,"menu_order":0,"template":"","class_list":["post-8637","news","type-news","status-publish","hentry"],"acf":{"hidden_news":"no","evidence":"yes","focus_on":"no","breaking":"yes","news_cover":{"id":8635,"url":"https:\/\/sloveniaembassy.orderofmalta.int\/wp-content\/uploads\/sites\/10\/2022\/04\/FD7CE60B-C81B-47F0-A0C5-33A7C19B1012-1024x562-1.jpeg"},"news_gallery":"yes","news_gallery_elements":[{"id":8627,"url":"https:\/\/sloveniaembassy.orderofmalta.int\/wp-content\/uploads\/sites\/10\/2022\/04\/00631_21042022-1024x683-1.jpg"},{"id":8629,"url":"https:\/\/sloveniaembassy.orderofmalta.int\/wp-content\/uploads\/sites\/10\/2022\/04\/00648_21042022-1024x683-1.jpg"},{"id":8631,"url":"https:\/\/sloveniaembassy.orderofmalta.int\/wp-content\/uploads\/sites\/10\/2022\/04\/00653_21042022-1024x683-1.jpg"},{"id":8633,"url":"https:\/\/sloveniaembassy.orderofmalta.int\/wp-content\/uploads\/sites\/10\/2022\/04\/92459B9C-6666-45EF-9062-9D71ABCB72DF-509x1024-1.jpeg"},{"id":8635,"url":"https:\/\/sloveniaembassy.orderofmalta.int\/wp-content\/uploads\/sites\/10\/2022\/04\/FD7CE60B-C81B-47F0-A0C5-33A7C19B1012-1024x562-1.jpeg"}],"news_excerpt":"Pape\u017e Fran\u010di\u0161ek sprejme Nj. Eksc. predsednika vlade Mad\u017earske na uradni avdienci v Vatikanu","cover_image_copyrighted":false},"news_categories":[],"_links":{"self":[{"href":"https:\/\/sloveniaembassy.orderofmalta.int\/sl\/wp-json\/wp\/v2\/notizie\/8637","targetHints":{"allow":["GET"]}}],"collection":[{"href":"https:\/\/sloveniaembassy.orderofmalta.int\/sl\/wp-json\/wp\/v2\/notizie"}],"about":[{"href":"https:\/\/sloveniaembassy.orderofmalta.int\/sl\/wp-json\/wp\/v2\/types\/news"}],"version-history":[{"count":1,"href":"https:\/\/sloveniaembassy.orderofmalta.int\/sl\/wp-json\/wp\/v2\/notizie\/8637\/revisions"}],"predecessor-version":[{"id":8638,"href":"https:\/\/sloveniaembassy.orderofmalta.int\/sl\/wp-json\/wp\/v2\/notizie\/8637\/revisions\/8638"}],"wp:attachment":[{"href":"https:\/\/sloveniaembassy.orderofmalta.int\/sl\/wp-json\/wp\/v2\/media?parent=8637"}],"curies":[{"name":"wp","href":"https:\/\/api.w.org\/{rel}","templated":true}]}}