{"id":8644,"date":"2022-04-09T20:00:01","date_gmt":"2022-04-09T18:00:01","guid":{"rendered":"https:\/\/sloveniaembassy.orderofmalta.int\/?post_type=news&#038;p=8644"},"modified":"2026-08-11T15:35:30","modified_gmt":"2026-08-11T13:35:30","slug":"nj-svetlost-veleposlanik-obisce-vojaski-ordinariat","status":"publish","type":"news","link":"https:\/\/sloveniaembassy.orderofmalta.int\/sl\/novice\/nj-svetlost-veleposlanik-obisce-vojaski-ordinariat\/","title":{"rendered":"Nj. Svetlost veleposlanik obi\u0161\u010de voja\u0161ki ordinariat"},"featured_media":0,"menu_order":0,"template":"","class_list":["post-8644","news","type-news","status-publish","hentry"],"acf":{"hidden_news":"no","evidence":"yes","focus_on":"no","breaking":"yes","news_cover":{"id":8642,"url":"https:\/\/sloveniaembassy.orderofmalta.int\/wp-content\/uploads\/sites\/10\/2022\/04\/008bf2ad-16d5-4d9d-9fef-5f4cf0f1520a.jpg"},"news_gallery":"yes","news_gallery_elements":[{"id":8640,"url":"https:\/\/sloveniaembassy.orderofmalta.int\/wp-content\/uploads\/sites\/10\/2022\/04\/6b534b05-003b-4fc3-8ac0-2d14a7d09d37.jpg"},{"id":8642,"url":"https:\/\/sloveniaembassy.orderofmalta.int\/wp-content\/uploads\/sites\/10\/2022\/04\/008bf2ad-16d5-4d9d-9fef-5f4cf0f1520a.jpg"}],"news_excerpt":"Uradni obisk Nj. Svetlosti veleposlanika pri Italijanskem voja\u0161kem ordinariatu v Rimu","cover_image_copyrighted":false},"news_categories":[],"_links":{"self":[{"href":"https:\/\/sloveniaembassy.orderofmalta.int\/sl\/wp-json\/wp\/v2\/notizie\/8644","targetHints":{"allow":["GET"]}}],"collection":[{"href":"https:\/\/sloveniaembassy.orderofmalta.int\/sl\/wp-json\/wp\/v2\/notizie"}],"about":[{"href":"https:\/\/sloveniaembassy.orderofmalta.int\/sl\/wp-json\/wp\/v2\/types\/news"}],"version-history":[{"count":1,"href":"https:\/\/sloveniaembassy.orderofmalta.int\/sl\/wp-json\/wp\/v2\/notizie\/8644\/revisions"}],"predecessor-version":[{"id":8645,"href":"https:\/\/sloveniaembassy.orderofmalta.int\/sl\/wp-json\/wp\/v2\/notizie\/8644\/revisions\/8645"}],"wp:attachment":[{"href":"https:\/\/sloveniaembassy.orderofmalta.int\/sl\/wp-json\/wp\/v2\/media?parent=8644"}],"curies":[{"name":"wp","href":"https:\/\/api.w.org\/{rel}","templated":true}]}}