{"id":8867,"date":"2021-11-05T11:30:58","date_gmt":"2021-11-05T09:30:58","guid":{"rendered":"https:\/\/sloveniaembassy.orderofmalta.int\/?post_type=news&#038;p=8867"},"modified":"2026-08-11T16:31:47","modified_gmt":"2026-08-11T14:31:47","slug":"nj-svetlost-veleposlanik-se-sreca-z-igorjem-sencarjem","status":"publish","type":"news","link":"https:\/\/sloveniaembassy.orderofmalta.int\/sl\/novice\/nj-svetlost-veleposlanik-se-sreca-z-igorjem-sencarjem\/","title":{"rendered":"Nj. Svetlost veleposlanik se sre\u010da z Igorjem Sen\u010darjem"},"featured_media":0,"menu_order":0,"template":"","class_list":["post-8867","news","type-news","status-publish","hentry"],"acf":{"hidden_news":"no","evidence":"yes","focus_on":"no","breaking":"yes","news_cover":{"id":8865,"url":"https:\/\/sloveniaembassy.orderofmalta.int\/wp-content\/uploads\/sites\/10\/2021\/11\/c203a0aa-66a4-4bea-b95a-e580462b7137-768x1024-1.jpg"},"news_gallery":"yes","news_gallery_elements":[{"id":8865,"url":"https:\/\/sloveniaembassy.orderofmalta.int\/wp-content\/uploads\/sites\/10\/2021\/11\/c203a0aa-66a4-4bea-b95a-e580462b7137-768x1024-1.jpg"}],"news_excerpt":"Nj. Svetlost veleposlanik se na uradnem sre\u010danju sestane z Nj. Eksc. veleposlanikom Igorjem Sen\u010darjem, dr\u017eavnim sekretarjem","cover_image_copyrighted":false},"news_categories":[],"_links":{"self":[{"href":"https:\/\/sloveniaembassy.orderofmalta.int\/sl\/wp-json\/wp\/v2\/notizie\/8867","targetHints":{"allow":["GET"]}}],"collection":[{"href":"https:\/\/sloveniaembassy.orderofmalta.int\/sl\/wp-json\/wp\/v2\/notizie"}],"about":[{"href":"https:\/\/sloveniaembassy.orderofmalta.int\/sl\/wp-json\/wp\/v2\/types\/news"}],"version-history":[{"count":1,"href":"https:\/\/sloveniaembassy.orderofmalta.int\/sl\/wp-json\/wp\/v2\/notizie\/8867\/revisions"}],"predecessor-version":[{"id":8868,"href":"https:\/\/sloveniaembassy.orderofmalta.int\/sl\/wp-json\/wp\/v2\/notizie\/8867\/revisions\/8868"}],"wp:attachment":[{"href":"https:\/\/sloveniaembassy.orderofmalta.int\/sl\/wp-json\/wp\/v2\/media?parent=8867"}],"curies":[{"name":"wp","href":"https:\/\/api.w.org\/{rel}","templated":true}]}}