{"id":8893,"date":"2021-10-29T10:00:30","date_gmt":"2021-10-29T08:00:30","guid":{"rendered":"https:\/\/sloveniaembassy.orderofmalta.int\/?post_type=news&#038;p=8893"},"modified":"2026-08-11T16:41:41","modified_gmt":"2026-08-11T14:41:41","slug":"papez-francisek-sprejme-ameriskega-predsednika","status":"publish","type":"news","link":"https:\/\/sloveniaembassy.orderofmalta.int\/sl\/novice\/papez-francisek-sprejme-ameriskega-predsednika\/","title":{"rendered":"Pape\u017e Fran\u010di\u0161ek sprejme ameri\u0161kega predsednika"},"featured_media":0,"menu_order":0,"template":"","class_list":["post-8893","news","type-news","status-publish","hentry"],"acf":{"hidden_news":"no","evidence":"yes","focus_on":"no","breaking":"yes","news_cover":{"id":8885,"url":"https:\/\/sloveniaembassy.orderofmalta.int\/wp-content\/uploads\/sites\/10\/2021\/10\/00697_29102021-1024x683-1.jpg"},"news_gallery":"yes","news_gallery_elements":[{"id":8877,"url":"https:\/\/sloveniaembassy.orderofmalta.int\/wp-content\/uploads\/sites\/10\/2021\/10\/00374_29102021.jpg"},{"id":8879,"url":"https:\/\/sloveniaembassy.orderofmalta.int\/wp-content\/uploads\/sites\/10\/2021\/10\/00402_29102021-1024x683-1.jpg"},{"id":8881,"url":"https:\/\/sloveniaembassy.orderofmalta.int\/wp-content\/uploads\/sites\/10\/2021\/10\/00412_29102021-1024x683-1.jpg"},{"id":8883,"url":"https:\/\/sloveniaembassy.orderofmalta.int\/wp-content\/uploads\/sites\/10\/2021\/10\/00682_29102021-1024x683-1.jpg"},{"id":8885,"url":"https:\/\/sloveniaembassy.orderofmalta.int\/wp-content\/uploads\/sites\/10\/2021\/10\/00697_29102021-1024x683-1.jpg"},{"id":8887,"url":"https:\/\/sloveniaembassy.orderofmalta.int\/wp-content\/uploads\/sites\/10\/2021\/10\/00825_29102021-1024x683-1.jpg"},{"id":8889,"url":"https:\/\/sloveniaembassy.orderofmalta.int\/wp-content\/uploads\/sites\/10\/2021\/10\/IMG_0767-1024x746-1.jpeg"},{"id":8891,"url":"https:\/\/sloveniaembassy.orderofmalta.int\/wp-content\/uploads\/sites\/10\/2021\/10\/IMG_0768-1024x805-1.jpeg"}],"news_excerpt":"Pape\u017e Fran\u010di\u0161ek sprejme predsednika Zdru\u017eenih dr\u017eav Amerike na uradni avdienci v Vatikanu","cover_image_copyrighted":false},"news_categories":[],"_links":{"self":[{"href":"https:\/\/sloveniaembassy.orderofmalta.int\/sl\/wp-json\/wp\/v2\/notizie\/8893","targetHints":{"allow":["GET"]}}],"collection":[{"href":"https:\/\/sloveniaembassy.orderofmalta.int\/sl\/wp-json\/wp\/v2\/notizie"}],"about":[{"href":"https:\/\/sloveniaembassy.orderofmalta.int\/sl\/wp-json\/wp\/v2\/types\/news"}],"version-history":[{"count":1,"href":"https:\/\/sloveniaembassy.orderofmalta.int\/sl\/wp-json\/wp\/v2\/notizie\/8893\/revisions"}],"predecessor-version":[{"id":8894,"href":"https:\/\/sloveniaembassy.orderofmalta.int\/sl\/wp-json\/wp\/v2\/notizie\/8893\/revisions\/8894"}],"wp:attachment":[{"href":"https:\/\/sloveniaembassy.orderofmalta.int\/sl\/wp-json\/wp\/v2\/media?parent=8893"}],"curies":[{"name":"wp","href":"https:\/\/api.w.org\/{rel}","templated":true}]}}