{"id":9009,"date":"2021-06-28T08:30:44","date_gmt":"2021-06-28T06:30:44","guid":{"rendered":"https:\/\/sloveniaembassy.orderofmalta.int\/?post_type=news&#038;p=9009"},"modified":"2026-08-11T17:06:14","modified_gmt":"2026-08-11T15:06:14","slug":"sveti-oce-sprejme-antonyja-blinkna","status":"publish","type":"news","link":"https:\/\/sloveniaembassy.orderofmalta.int\/sl\/novice\/sveti-oce-sprejme-antonyja-blinkna\/","title":{"rendered":"Sveti o\u010de sprejme Antonyja Blinkna"},"featured_media":0,"menu_order":0,"template":"","class_list":["post-9009","news","type-news","status-publish","hentry"],"acf":{"hidden_news":"no","evidence":"yes","focus_on":"no","breaking":"yes","news_cover":{"id":9001,"url":"https:\/\/sloveniaembassy.orderofmalta.int\/wp-content\/uploads\/sites\/10\/2021\/06\/IMG_0673-1024x582-1.jpeg"},"news_gallery":"yes","news_gallery_elements":[{"id":8993,"url":"https:\/\/sloveniaembassy.orderofmalta.int\/wp-content\/uploads\/sites\/10\/2021\/06\/60dc68ca-f02d-4f63-ac8a-135f246923c2-1017x1024-1.jpg"},{"id":8995,"url":"https:\/\/sloveniaembassy.orderofmalta.int\/wp-content\/uploads\/sites\/10\/2021\/06\/D244E1D8-CFB5-4699-B5F5-BBED6F8914B7-1024x683-1.jpeg"},{"id":8997,"url":"https:\/\/sloveniaembassy.orderofmalta.int\/wp-content\/uploads\/sites\/10\/2021\/06\/IMG_0670-1024x579-1.jpeg"},{"id":8999,"url":"https:\/\/sloveniaembassy.orderofmalta.int\/wp-content\/uploads\/sites\/10\/2021\/06\/IMG_0671-1024x568-1.jpeg"},{"id":9001,"url":"https:\/\/sloveniaembassy.orderofmalta.int\/wp-content\/uploads\/sites\/10\/2021\/06\/IMG_0673-1024x582-1.jpeg"},{"id":9003,"url":"https:\/\/sloveniaembassy.orderofmalta.int\/wp-content\/uploads\/sites\/10\/2021\/06\/IMG_5207-1024x1021-1.jpeg"},{"id":9005,"url":"https:\/\/sloveniaembassy.orderofmalta.int\/wp-content\/uploads\/sites\/10\/2021\/06\/IMG_5208-1024x1022-1.jpeg"},{"id":9007,"url":"https:\/\/sloveniaembassy.orderofmalta.int\/wp-content\/uploads\/sites\/10\/2021\/06\/IMG_5210-1017x1024-1.jpeg"}],"news_excerpt":"Sveti o\u010de sprejme Nj. Eksc. Antonyja Johna Blinkna, dr\u017eavnega sekretarja Zdru\u017eenih dr\u017eav Amerike, na uradni avdienci v Vatikanu","cover_image_copyrighted":false},"news_categories":[],"_links":{"self":[{"href":"https:\/\/sloveniaembassy.orderofmalta.int\/sl\/wp-json\/wp\/v2\/notizie\/9009","targetHints":{"allow":["GET"]}}],"collection":[{"href":"https:\/\/sloveniaembassy.orderofmalta.int\/sl\/wp-json\/wp\/v2\/notizie"}],"about":[{"href":"https:\/\/sloveniaembassy.orderofmalta.int\/sl\/wp-json\/wp\/v2\/types\/news"}],"version-history":[{"count":1,"href":"https:\/\/sloveniaembassy.orderofmalta.int\/sl\/wp-json\/wp\/v2\/notizie\/9009\/revisions"}],"predecessor-version":[{"id":9010,"href":"https:\/\/sloveniaembassy.orderofmalta.int\/sl\/wp-json\/wp\/v2\/notizie\/9009\/revisions\/9010"}],"wp:attachment":[{"href":"https:\/\/sloveniaembassy.orderofmalta.int\/sl\/wp-json\/wp\/v2\/media?parent=9009"}],"curies":[{"name":"wp","href":"https:\/\/api.w.org\/{rel}","templated":true}]}}