{"id":9040,"date":"2021-06-25T10:30:15","date_gmt":"2021-06-25T08:30:15","guid":{"rendered":"https:\/\/sloveniaembassy.orderofmalta.int\/?post_type=news&#038;p=9040"},"modified":"2026-08-11T17:17:33","modified_gmt":"2026-08-11T15:17:33","slug":"sveti-oce-sprejme-namestnika-velikega-mojstra","status":"publish","type":"news","link":"https:\/\/sloveniaembassy.orderofmalta.int\/sl\/novice\/sveti-oce-sprejme-namestnika-velikega-mojstra\/","title":{"rendered":"Sveti o\u010de sprejme namestnika Velikega mojstra"},"featured_media":0,"menu_order":0,"template":"","class_list":["post-9040","news","type-news","status-publish","hentry"],"acf":{"hidden_news":"no","evidence":"yes","focus_on":"no","breaking":"yes","news_cover":{"id":9038,"url":"https:\/\/sloveniaembassy.orderofmalta.int\/wp-content\/uploads\/sites\/10\/2021\/06\/D01DBE5E-706B-4D57-B5EF-E0F487C9B581-1024x683-1.jpeg"},"news_gallery":"yes","news_gallery_elements":[{"id":9020,"url":"https:\/\/sloveniaembassy.orderofmalta.int\/wp-content\/uploads\/sites\/10\/2021\/06\/0D9902A9-F8AD-4E80-B6AE-7216EF78804D-1024x682-1.jpeg"},{"id":9022,"url":"https:\/\/sloveniaembassy.orderofmalta.int\/wp-content\/uploads\/sites\/10\/2021\/06\/1DFA54F5-E061-48D7-9EF3-55B095A7664C.jpeg"},{"id":9024,"url":"https:\/\/sloveniaembassy.orderofmalta.int\/wp-content\/uploads\/sites\/10\/2021\/06\/5A062EFA-AD42-47CA-80C6-6C8A458D90B0-1024x683-1.jpeg"},{"id":9026,"url":"https:\/\/sloveniaembassy.orderofmalta.int\/wp-content\/uploads\/sites\/10\/2021\/06\/86FE42FA-BA7A-41AA-B0D0-56BECECF4F4F-1024x683-1.jpeg"},{"id":9028,"url":"https:\/\/sloveniaembassy.orderofmalta.int\/wp-content\/uploads\/sites\/10\/2021\/06\/91F480F9-9F72-42C4-B443-BA48EFA8F75A-1024x683-1.jpeg"},{"id":9030,"url":"https:\/\/sloveniaembassy.orderofmalta.int\/wp-content\/uploads\/sites\/10\/2021\/06\/574D7480-055F-41E1-8A00-64EC82109054-1024x683-1.jpeg"},{"id":9032,"url":"https:\/\/sloveniaembassy.orderofmalta.int\/wp-content\/uploads\/sites\/10\/2021\/06\/585D56D6-C426-4585-BBC4-4010EFAA7F8D-1024x683-1.jpeg"},{"id":9034,"url":"https:\/\/sloveniaembassy.orderofmalta.int\/wp-content\/uploads\/sites\/10\/2021\/06\/156325FE-A2FD-4F85-AA93-DB0773CE2D73-1024x682-1.jpeg"},{"id":9036,"url":"https:\/\/sloveniaembassy.orderofmalta.int\/wp-content\/uploads\/sites\/10\/2021\/06\/616257A2-2B81-4E93-A4D6-98F4DBE119AA-1024x682-1.jpeg"},{"id":9038,"url":"https:\/\/sloveniaembassy.orderofmalta.int\/wp-content\/uploads\/sites\/10\/2021\/06\/D01DBE5E-706B-4D57-B5EF-E0F487C9B581-1024x683-1.jpeg"}],"news_excerpt":"Sveti o\u010de sprejme namestnika Velikega mojstra Suverenega malte\u0161kega vite\u0161kega reda na uradni avdienci v Vatikanu","cover_image_copyrighted":false},"news_categories":[],"_links":{"self":[{"href":"https:\/\/sloveniaembassy.orderofmalta.int\/sl\/wp-json\/wp\/v2\/notizie\/9040","targetHints":{"allow":["GET"]}}],"collection":[{"href":"https:\/\/sloveniaembassy.orderofmalta.int\/sl\/wp-json\/wp\/v2\/notizie"}],"about":[{"href":"https:\/\/sloveniaembassy.orderofmalta.int\/sl\/wp-json\/wp\/v2\/types\/news"}],"version-history":[{"count":1,"href":"https:\/\/sloveniaembassy.orderofmalta.int\/sl\/wp-json\/wp\/v2\/notizie\/9040\/revisions"}],"predecessor-version":[{"id":9041,"href":"https:\/\/sloveniaembassy.orderofmalta.int\/sl\/wp-json\/wp\/v2\/notizie\/9040\/revisions\/9041"}],"wp:attachment":[{"href":"https:\/\/sloveniaembassy.orderofmalta.int\/sl\/wp-json\/wp\/v2\/media?parent=9040"}],"curies":[{"name":"wp","href":"https:\/\/api.w.org\/{rel}","templated":true}]}}