{"id":9056,"date":"2021-06-09T10:41:26","date_gmt":"2021-06-09T08:41:26","guid":{"rendered":"https:\/\/sloveniaembassy.orderofmalta.int\/?post_type=news&#038;p=9056"},"modified":"2026-08-11T17:24:20","modified_gmt":"2026-08-11T15:24:20","slug":"imenovanje-v-veliki-magisterij","status":"publish","type":"news","link":"https:\/\/sloveniaembassy.orderofmalta.int\/sl\/novice\/imenovanje-v-veliki-magisterij\/","title":{"rendered":"Imenovanje v Veliki magisterij"},"featured_media":0,"menu_order":0,"template":"","class_list":["post-9056","news","type-news","status-publish","hentry"],"acf":{"hidden_news":"no","evidence":"yes","focus_on":"no","breaking":"yes","news_cover":{"id":9050,"url":"https:\/\/sloveniaembassy.orderofmalta.int\/wp-content\/uploads\/sites\/10\/2021\/06\/8535e235-a570-4edb-a7cd-d675c91a9b3b.jpg"},"news_gallery":"yes","news_gallery_elements":[{"id":9050,"url":"https:\/\/sloveniaembassy.orderofmalta.int\/wp-content\/uploads\/sites\/10\/2021\/06\/8535e235-a570-4edb-a7cd-d675c91a9b3b.jpg"},{"id":9052,"url":"https:\/\/sloveniaembassy.orderofmalta.int\/wp-content\/uploads\/sites\/10\/2021\/06\/DECRETO-DI-NOMINA-SANTO-SEPOLCRO-725x1024-1.jpg"},{"id":9054,"url":"https:\/\/sloveniaembassy.orderofmalta.int\/wp-content\/uploads\/sites\/10\/2021\/06\/Lettera-di-Nomina-Santo-Sepolcro-725x1024-1.jpg"}],"news_excerpt":"Imenovanje za \u010dlana Velikega magisterija Konjeni\u0161kega reda Bo\u017ejega groba v Jeruzalemu","cover_image_copyrighted":false},"news_categories":[],"_links":{"self":[{"href":"https:\/\/sloveniaembassy.orderofmalta.int\/sl\/wp-json\/wp\/v2\/notizie\/9056","targetHints":{"allow":["GET"]}}],"collection":[{"href":"https:\/\/sloveniaembassy.orderofmalta.int\/sl\/wp-json\/wp\/v2\/notizie"}],"about":[{"href":"https:\/\/sloveniaembassy.orderofmalta.int\/sl\/wp-json\/wp\/v2\/types\/news"}],"version-history":[{"count":1,"href":"https:\/\/sloveniaembassy.orderofmalta.int\/sl\/wp-json\/wp\/v2\/notizie\/9056\/revisions"}],"predecessor-version":[{"id":9057,"href":"https:\/\/sloveniaembassy.orderofmalta.int\/sl\/wp-json\/wp\/v2\/notizie\/9056\/revisions\/9057"}],"wp:attachment":[{"href":"https:\/\/sloveniaembassy.orderofmalta.int\/sl\/wp-json\/wp\/v2\/media?parent=9056"}],"curies":[{"name":"wp","href":"https:\/\/api.w.org\/{rel}","templated":true}]}}