{"id":9101,"date":"2021-05-22T11:00:57","date_gmt":"2021-05-22T09:00:57","guid":{"rendered":"https:\/\/sloveniaembassy.orderofmalta.int\/?post_type=news&#038;p=9101"},"modified":"2026-08-11T17:39:58","modified_gmt":"2026-08-11T15:39:58","slug":"papez-francisek-sprejme-delegacijo-eu","status":"publish","type":"news","link":"https:\/\/sloveniaembassy.orderofmalta.int\/sl\/novice\/papez-francisek-sprejme-delegacijo-eu\/","title":{"rendered":"Pape\u017e Fran\u010di\u0161ek sprejme delegacijo EU"},"featured_media":0,"menu_order":0,"template":"","class_list":["post-9101","news","type-news","status-publish","hentry"],"acf":{"hidden_news":"no","evidence":"yes","focus_on":"no","breaking":"yes","news_cover":{"id":9099,"url":"https:\/\/sloveniaembassy.orderofmalta.int\/wp-content\/uploads\/sites\/10\/2021\/05\/Von-der-Leyen-2021-05-22-alle-16.25.24-1024x574-1.png"},"news_gallery":"yes","news_gallery_elements":[{"id":9095,"url":"https:\/\/sloveniaembassy.orderofmalta.int\/wp-content\/uploads\/sites\/10\/2021\/05\/IMG_0573-1024x715-1.png"},{"id":9097,"url":"https:\/\/sloveniaembassy.orderofmalta.int\/wp-content\/uploads\/sites\/10\/2021\/05\/Von-der-Leyen-2021-05-22-alle-16.24.57-1024x574-1.png"},{"id":9099,"url":"https:\/\/sloveniaembassy.orderofmalta.int\/wp-content\/uploads\/sites\/10\/2021\/05\/Von-der-Leyen-2021-05-22-alle-16.25.24-1024x574-1.png"}],"news_excerpt":"Njegova svetost pape\u017e Fran\u010di\u0161ek sprejme delegacijo Evropske unije na uradni avdienci v Vatikanu","cover_image_copyrighted":false},"news_categories":[],"_links":{"self":[{"href":"https:\/\/sloveniaembassy.orderofmalta.int\/sl\/wp-json\/wp\/v2\/notizie\/9101","targetHints":{"allow":["GET"]}}],"collection":[{"href":"https:\/\/sloveniaembassy.orderofmalta.int\/sl\/wp-json\/wp\/v2\/notizie"}],"about":[{"href":"https:\/\/sloveniaembassy.orderofmalta.int\/sl\/wp-json\/wp\/v2\/types\/news"}],"version-history":[{"count":1,"href":"https:\/\/sloveniaembassy.orderofmalta.int\/sl\/wp-json\/wp\/v2\/notizie\/9101\/revisions"}],"predecessor-version":[{"id":9102,"href":"https:\/\/sloveniaembassy.orderofmalta.int\/sl\/wp-json\/wp\/v2\/notizie\/9101\/revisions\/9102"}],"wp:attachment":[{"href":"https:\/\/sloveniaembassy.orderofmalta.int\/sl\/wp-json\/wp\/v2\/media?parent=9101"}],"curies":[{"name":"wp","href":"https:\/\/api.w.org\/{rel}","templated":true}]}}