{"id":9191,"date":"2021-05-02T11:00:15","date_gmt":"2021-05-02T09:00:15","guid":{"rendered":"https:\/\/sloveniaembassy.orderofmalta.int\/?post_type=news&#038;p=9191"},"modified":"2026-08-14T15:22:44","modified_gmt":"2026-08-14T13:22:44","slug":"vatikan-romanje-suverenega-malteskega-viteskega-reda-v-lurd","status":"publish","type":"news","link":"https:\/\/sloveniaembassy.orderofmalta.int\/sl\/novice\/vatikan-romanje-suverenega-malteskega-viteskega-reda-v-lurd\/","title":{"rendered":"Vatikan \u2013 romanje Suverenega malte\u0161kega vite\u0161kega reda v Lurd"},"featured_media":0,"menu_order":0,"template":"","class_list":["post-9191","news","type-news","status-publish","hentry"],"acf":{"hidden_news":"no","evidence":"yes","focus_on":"no","breaking":"yes","news_cover":{"id":9187,"url":"https:\/\/sloveniaembassy.orderofmalta.int\/wp-content\/uploads\/sites\/10\/2021\/05\/IMG_4578-768x1024-1.jpeg"},"news_content":"<div class=\"\" data-turn-id-container=\"2b7069a9-1724-4bcf-929b-3ebba44e2f2e\" data-is-intersecting=\"true\">Pandemija covida-19 je \u017ee drugo leto zapored povzro\u010dila, da sveti\u0161\u010de v Lurdu ne bo moglo gostiti tradicionalnega mednarodnega romanja Malte\u0161kega reda, kar je v veliko \u017ealost vseh, ki bi se ga udele\u017eili z vsega sveta.<\/div>\n<div class=\"\" data-turn-id-container=\"request-6a58df4c-e0e0-83ed-92bd-21c0d968fa62-19\" data-is-intersecting=\"true\">\n<section class=\"text-token-text-primary w-full focus:outline-none has-data-writing-block:pointer-events-none [&amp;:has([data-writing-block])&gt;*]:pointer-events-auto R6Vx5W_threadScrollVars scroll-mb-[calc(var(--scroll-root-safe-area-inset-bottom,0px)+var(--thread-response-height))] scroll-mt-[calc(var(--header-height)+min(200px,max(70px,20svh)))]\" dir=\"auto\" data-turn-id=\"request-6a58df4c-e0e0-83ed-92bd-21c0d968fa62-19\" data-turn-id-container=\"request-6a58df4c-e0e0-83ed-92bd-21c0d968fa62-19\" data-testid=\"conversation-turn-412\" data-turn=\"assistant\">\n<div class=\"text-base my-auto mx-auto pb-8 [--thread-content-margin:var(--thread-content-margin-xs,calc(var(--spacing)*4))] @w-sm\/main:[--thread-content-margin:var(--thread-content-margin-sm,calc(var(--spacing)*6))] @w-lg\/main:[--thread-content-margin:var(--thread-content-margin-lg,calc(var(--spacing)*16))] px-(--thread-content-margin)\">\n<div class=\"[--thread-content-max-width:40rem] @w-lg\/main:[--thread-content-max-width:48rem] mx-auto max-w-(--thread-content-max-width) flex-1 group\/turn-messages focus-visible:outline-hidden relative flex w-full min-w-0 flex-col agent-turn\" data-conversation-screenshot-content=\"\">\n<div class=\"flex max-w-full flex-col gap-4 grow\">\n<div class=\"min-h-8 text-message relative flex w-full flex-col items-end gap-2 text-start break-words whitespace-normal outline-none keyboard-focused:focus-ring [.text-message+&amp;]:mt-1\" dir=\"auto\" data-message-author-role=\"assistant\" data-message-id=\"05abb8cd-fc0d-4a85-b599-6d4cef823ea9\" data-turn-start-message=\"true\" data-message-model-slug=\"gpt-5-6-thinking\">\n<div class=\"flex w-full flex-col gap-1 empty:hidden\">\n<div class=\"markdown prose dark:prose-invert wrap-break-word w-full light markdown-new-styling\">\n<p data-start=\"218\" data-end=\"359\">Po zaslugi izjemne pobude lur\u0161kega sveti\u0161\u010da in njegovih duhovnikov bo velika dru\u017eina Malte\u0161kega reda ponovno zdru\u017eena v molitvi pred votlino.<\/p>\n<p data-start=\"361\" data-end=\"595\" data-is-last-node=\"\" data-is-only-node=\"\">V soboto, 1. maja \u2013 na dan, ko je bila predvidena evharisti\u010dna procesija Malte\u0161kega reda \u2013 bodo pri votlini Massabielle v petih jezikih darovane svete ma\u0161e za namene na\u0161ih gospodov bolnikov ter \u010dlanov in prostovoljcev Malte\u0161kega reda.<\/p>\n<\/div>\n<\/div>\n<\/div>\n<\/div>\n<\/div>\n<\/div>\n<\/section>\n<\/div>\n","news_gallery":"yes","news_gallery_elements":[{"id":9167,"url":"https:\/\/sloveniaembassy.orderofmalta.int\/wp-content\/uploads\/sites\/10\/2021\/05\/0c48480b-e50d-46b9-bbe9-de2eb915fe01.jpg"},{"id":9169,"url":"https:\/\/sloveniaembassy.orderofmalta.int\/wp-content\/uploads\/sites\/10\/2021\/05\/4c71c8d6-55ac-4060-b0ee-98c8e9121e84-768x1024-1.jpg"},{"id":9171,"url":"https:\/\/sloveniaembassy.orderofmalta.int\/wp-content\/uploads\/sites\/10\/2021\/05\/059e507e-1130-4698-b748-7474bc20aa34-1024x768-1.jpg"},{"id":9173,"url":"https:\/\/sloveniaembassy.orderofmalta.int\/wp-content\/uploads\/sites\/10\/2021\/05\/654dc7c7-7599-456c-8316-de68823590a9-768x1024-1.jpg"},{"id":9175,"url":"https:\/\/sloveniaembassy.orderofmalta.int\/wp-content\/uploads\/sites\/10\/2021\/05\/1252a681-1e91-4d44-9c7e-820b78849f41.jpg"},{"id":9177,"url":"https:\/\/sloveniaembassy.orderofmalta.int\/wp-content\/uploads\/sites\/10\/2021\/05\/f8a04f41-b0f2-464b-a6a0-7f5b6df55751-1024x768-1.jpg"},{"id":9179,"url":"https:\/\/sloveniaembassy.orderofmalta.int\/wp-content\/uploads\/sites\/10\/2021\/05\/f051b362-1201-4fce-a491-5ddeed8ef8b5-768x1024-1.jpg"},{"id":9181,"url":"https:\/\/sloveniaembassy.orderofmalta.int\/wp-content\/uploads\/sites\/10\/2021\/05\/image.jpeg"},{"id":9183,"url":"https:\/\/sloveniaembassy.orderofmalta.int\/wp-content\/uploads\/sites\/10\/2021\/05\/IMG_4573-768x1024-1.jpeg"},{"id":9185,"url":"https:\/\/sloveniaembassy.orderofmalta.int\/wp-content\/uploads\/sites\/10\/2021\/05\/IMG_4577-768x1024-1.jpeg"},{"id":9187,"url":"https:\/\/sloveniaembassy.orderofmalta.int\/wp-content\/uploads\/sites\/10\/2021\/05\/IMG_4578-768x1024-1.jpeg"},{"id":9189,"url":"https:\/\/sloveniaembassy.orderofmalta.int\/wp-content\/uploads\/sites\/10\/2021\/05\/IMG_4579-768x1024-1.jpeg"}],"news_excerpt":"Udele\u017eba Vatikana na romanju Suverenega malte\u0161kega vite\u0161kega reda v Lurd","cover_image_copyrighted":false},"news_categories":[],"_links":{"self":[{"href":"https:\/\/sloveniaembassy.orderofmalta.int\/sl\/wp-json\/wp\/v2\/notizie\/9191","targetHints":{"allow":["GET"]}}],"collection":[{"href":"https:\/\/sloveniaembassy.orderofmalta.int\/sl\/wp-json\/wp\/v2\/notizie"}],"about":[{"href":"https:\/\/sloveniaembassy.orderofmalta.int\/sl\/wp-json\/wp\/v2\/types\/news"}],"version-history":[{"count":1,"href":"https:\/\/sloveniaembassy.orderofmalta.int\/sl\/wp-json\/wp\/v2\/notizie\/9191\/revisions"}],"predecessor-version":[{"id":9192,"href":"https:\/\/sloveniaembassy.orderofmalta.int\/sl\/wp-json\/wp\/v2\/notizie\/9191\/revisions\/9192"}],"wp:attachment":[{"href":"https:\/\/sloveniaembassy.orderofmalta.int\/sl\/wp-json\/wp\/v2\/media?parent=9191"}],"curies":[{"name":"wp","href":"https:\/\/api.w.org\/{rel}","templated":true}]}}