{"id":9216,"date":"2021-03-06T11:00:32","date_gmt":"2021-03-06T09:00:32","guid":{"rendered":"https:\/\/sloveniaembassy.orderofmalta.int\/?post_type=news&#038;p=9216"},"modified":"2026-08-14T15:38:42","modified_gmt":"2026-08-14T13:38:42","slug":"sveta-masa-kraljeve-hise-savojcev","status":"publish","type":"news","link":"https:\/\/sloveniaembassy.orderofmalta.int\/sl\/novice\/sveta-masa-kraljeve-hise-savojcev\/","title":{"rendered":"Sveta ma\u0161a Kraljeve hi\u0161e Savojcev"},"featured_media":0,"menu_order":0,"template":"","class_list":["post-9216","news","type-news","status-publish","hentry"],"acf":{"hidden_news":"no","evidence":"yes","focus_on":"no","breaking":"yes","news_cover":{"id":9212,"url":"https:\/\/sloveniaembassy.orderofmalta.int\/wp-content\/uploads\/sites\/10\/2021\/03\/CCE5A2DE-3143-479B-B216-34DF504DDDAC.jpeg"},"news_gallery":"yes","news_gallery_elements":[{"id":9208,"url":"https:\/\/sloveniaembassy.orderofmalta.int\/wp-content\/uploads\/sites\/10\/2021\/03\/6353B406-168A-44A5-8DA3-0D9019DBF1F6-1024x768-1.jpeg"},{"id":9210,"url":"https:\/\/sloveniaembassy.orderofmalta.int\/wp-content\/uploads\/sites\/10\/2021\/03\/55005D06-9A44-4DE7-966C-64032F9E6718-1024x768-1.jpeg"},{"id":9212,"url":"https:\/\/sloveniaembassy.orderofmalta.int\/wp-content\/uploads\/sites\/10\/2021\/03\/CCE5A2DE-3143-479B-B216-34DF504DDDAC.jpeg"},{"id":9214,"url":"https:\/\/sloveniaembassy.orderofmalta.int\/wp-content\/uploads\/sites\/10\/2021\/03\/F5AB9751-AE34-43DA-893A-5B792D47C9AB-1024x576-1.jpeg"}],"news_excerpt":"Slovesna sveta ma\u0161a z Dinasti\u010dnim redom Kraljeve hi\u0161e Savojcev","cover_image_copyrighted":false},"news_categories":[],"_links":{"self":[{"href":"https:\/\/sloveniaembassy.orderofmalta.int\/sl\/wp-json\/wp\/v2\/notizie\/9216","targetHints":{"allow":["GET"]}}],"collection":[{"href":"https:\/\/sloveniaembassy.orderofmalta.int\/sl\/wp-json\/wp\/v2\/notizie"}],"about":[{"href":"https:\/\/sloveniaembassy.orderofmalta.int\/sl\/wp-json\/wp\/v2\/types\/news"}],"version-history":[{"count":1,"href":"https:\/\/sloveniaembassy.orderofmalta.int\/sl\/wp-json\/wp\/v2\/notizie\/9216\/revisions"}],"predecessor-version":[{"id":9217,"href":"https:\/\/sloveniaembassy.orderofmalta.int\/sl\/wp-json\/wp\/v2\/notizie\/9216\/revisions\/9217"}],"wp:attachment":[{"href":"https:\/\/sloveniaembassy.orderofmalta.int\/sl\/wp-json\/wp\/v2\/media?parent=9216"}],"curies":[{"name":"wp","href":"https:\/\/api.w.org\/{rel}","templated":true}]}}