{"id":9237,"date":"2020-12-05T11:00:18","date_gmt":"2020-12-05T09:00:18","guid":{"rendered":"https:\/\/sloveniaembassy.orderofmalta.int\/?post_type=news&#038;p=9237"},"modified":"2026-08-14T15:57:50","modified_gmt":"2026-08-14T13:57:50","slug":"nadskof-piazza-obisce-sessa-aurunco","status":"publish","type":"news","link":"https:\/\/sloveniaembassy.orderofmalta.int\/sl\/novice\/nadskof-piazza-obisce-sessa-aurunco\/","title":{"rendered":"Nad\u0161kof Piazza obi\u0161\u010de Sessa Aurunco"},"featured_media":0,"menu_order":0,"template":"","class_list":["post-9237","news","type-news","status-publish","hentry"],"acf":{"hidden_news":"no","evidence":"yes","focus_on":"no","breaking":"yes","news_cover":{"id":9233,"url":"https:\/\/sloveniaembassy.orderofmalta.int\/wp-content\/uploads\/sites\/10\/2020\/12\/D02E8BB9-709D-419F-961F-BD44B3541A79-768x1024-1.jpeg"},"news_content":"<div class=\"qMYqUG_convSearchResultHighlightRoot\">\n<div class=\"\" data-turn-id-container=\"request-6a58df4c-e0e0-83ed-92bd-21c0d968fa62-27\" data-is-intersecting=\"true\">\n<section class=\"text-token-text-primary w-full focus:outline-none has-data-writing-block:pointer-events-none [&amp;:has([data-writing-block])&gt;*]:pointer-events-auto R6Vx5W_threadScrollVars scroll-mb-[calc(var(--scroll-root-safe-area-inset-bottom,0px)+var(--thread-response-height))] scroll-mt-[calc(var(--header-height)+min(200px,max(70px,20svh)))]\" dir=\"auto\" data-turn-id=\"request-6a58df4c-e0e0-83ed-92bd-21c0d968fa62-27\" data-turn-id-container=\"request-6a58df4c-e0e0-83ed-92bd-21c0d968fa62-27\" data-testid=\"conversation-turn-428\" data-turn=\"assistant\">\n<div class=\"text-base my-auto mx-auto pb-8 [--thread-content-margin:var(--thread-content-margin-xs,calc(var(--spacing)*4))] @w-sm\/main:[--thread-content-margin:var(--thread-content-margin-sm,calc(var(--spacing)*6))] @w-lg\/main:[--thread-content-margin:var(--thread-content-margin-lg,calc(var(--spacing)*16))] px-(--thread-content-margin)\">\n<div class=\"[--thread-content-max-width:40rem] @w-lg\/main:[--thread-content-max-width:48rem] mx-auto max-w-(--thread-content-max-width) flex-1 group\/turn-messages focus-visible:outline-hidden relative flex w-full min-w-0 flex-col agent-turn\" data-conversation-screenshot-content=\"\">\n<div class=\"flex max-w-full flex-col gap-4 grow\">\n<div class=\"min-h-8 text-message relative flex w-full flex-col items-end gap-2 text-start break-words whitespace-normal outline-none keyboard-focused:focus-ring [.text-message+&amp;]:mt-1\" dir=\"auto\" data-message-author-role=\"assistant\" data-message-id=\"a57bb263-0c93-45b0-bd98-3fd166f2e1b7\" data-turn-start-message=\"true\" data-message-model-slug=\"gpt-5-6-thinking\">\n<div class=\"flex w-full flex-col gap-1 empty:hidden\">\n<div class=\"markdown prose dark:prose-invert wrap-break-word w-full light markdown-new-styling\">\n<p class=\"PDq2pG_selectionAnchorContainer\" data-start=\"0\" data-end=\"145\">Obisk pri Njegovi pre\u010dastiti ekscelenci msgr. Oraziju Francescu Piazzi, \u0161kofu Sessa Aurunce in apostolskem administratorju \u0161kofije Alife-Caiazzo.<\/p>\n<p data-start=\"147\" data-end=\"266\" data-is-last-node=\"\" data-is-only-node=\"\">Veleposlanika je spremljal poveljnik CISOM Matese-Alexis, Giuseppe Rocco Sileo, zaradi usklajevanja humanitarne pomo\u010di.<\/p>\n<\/div>\n<\/div>\n<\/div>\n<\/div>\n<\/div>\n<\/div>\n<\/section>\n<\/div>\n<\/div>\n","news_gallery":"yes","news_gallery_elements":[{"id":9233,"url":"https:\/\/sloveniaembassy.orderofmalta.int\/wp-content\/uploads\/sites\/10\/2020\/12\/D02E8BB9-709D-419F-961F-BD44B3541A79-768x1024-1.jpeg"},{"id":9235,"url":"https:\/\/sloveniaembassy.orderofmalta.int\/wp-content\/uploads\/sites\/10\/2020\/12\/D3BDF12B-9D01-4CAA-BAC4-B2020650846E-768x1024-1.jpeg"}],"news_excerpt":"Uradni obisk Nj. Eksc. nad\u0161kofa Orazia Francesca Piazze v Sessa Aurunci","cover_image_copyrighted":false},"news_categories":[],"_links":{"self":[{"href":"https:\/\/sloveniaembassy.orderofmalta.int\/sl\/wp-json\/wp\/v2\/notizie\/9237","targetHints":{"allow":["GET"]}}],"collection":[{"href":"https:\/\/sloveniaembassy.orderofmalta.int\/sl\/wp-json\/wp\/v2\/notizie"}],"about":[{"href":"https:\/\/sloveniaembassy.orderofmalta.int\/sl\/wp-json\/wp\/v2\/types\/news"}],"version-history":[{"count":1,"href":"https:\/\/sloveniaembassy.orderofmalta.int\/sl\/wp-json\/wp\/v2\/notizie\/9237\/revisions"}],"predecessor-version":[{"id":9238,"href":"https:\/\/sloveniaembassy.orderofmalta.int\/sl\/wp-json\/wp\/v2\/notizie\/9237\/revisions\/9238"}],"wp:attachment":[{"href":"https:\/\/sloveniaembassy.orderofmalta.int\/sl\/wp-json\/wp\/v2\/media?parent=9237"}],"curies":[{"name":"wp","href":"https:\/\/api.w.org\/{rel}","templated":true}]}}